{"id":15,"date":"2023-06-03T11:48:56","date_gmt":"2023-06-03T11:48:56","guid":{"rendered":"https:\/\/www.terravana-locations.fr\/blog\/?p=15"},"modified":"2023-06-11T14:17:03","modified_gmt":"2023-06-11T14:17:03","slug":"gorges-du-verdon-et-lac-de-sainte-croix","status":"publish","type":"post","link":"https:\/\/www.terravana-locations.fr\/blog\/gorges-du-verdon-et-lac-de-sainte-croix\/","title":{"rendered":"Gorges du Verdon et Lac de Sainte Croix"},"content":{"rendered":"\t\t<div data-elementor-type=\"wp-post\" data-elementor-id=\"15\" class=\"elementor elementor-15\">\n\t\t\t\t\t\t\t\t\t<section class=\"elementor-section elementor-top-section elementor-element elementor-element-a681eba elementor-section-boxed elementor-section-height-default elementor-section-height-default\" data-id=\"a681eba\" data-element_type=\"section\">\n\t\t\t\t\t\t<div class=\"elementor-container elementor-column-gap-default\">\n\t\t\t\t\t<div class=\"elementor-column elementor-col-100 elementor-top-column elementor-element elementor-element-c2a4ee1\" data-id=\"c2a4ee1\" data-element_type=\"column\">\n\t\t\t<div class=\"elementor-widget-wrap elementor-element-populated\">\n\t\t\t\t\t\t\t\t<div class=\"elementor-element elementor-element-1cec5b0 elementor-widget elementor-widget-heading\" data-id=\"1cec5b0\" data-element_type=\"widget\" data-widget_type=\"heading.default\">\n\t\t\t\t<div class=\"elementor-widget-container\">\n\t\t\t<style>\/*! elementor - v3.13.3 - 22-05-2023 *\/\n.elementor-heading-title{padding:0;margin:0;line-height:1}.elementor-widget-heading .elementor-heading-title[class*=elementor-size-]>a{color:inherit;font-size:inherit;line-height:inherit}.elementor-widget-heading .elementor-heading-title.elementor-size-small{font-size:15px}.elementor-widget-heading .elementor-heading-title.elementor-size-medium{font-size:19px}.elementor-widget-heading .elementor-heading-title.elementor-size-large{font-size:29px}.elementor-widget-heading .elementor-heading-title.elementor-size-xl{font-size:39px}.elementor-widget-heading .elementor-heading-title.elementor-size-xxl{font-size:59px}<\/style><h2 class=\"elementor-heading-title elementor-size-default\">Gorges du Verdon et lac de Sainte-Croix<\/h2>\t\t<\/div>\n\t\t\t\t<\/div>\n\t\t\t\t\t<\/div>\n\t\t<\/div>\n\t\t\t\t\t\t\t<\/div>\n\t\t<\/section>\n\t\t\t\t<section class=\"elementor-section elementor-top-section elementor-element elementor-element-3d3428ab elementor-section-boxed elementor-section-height-default elementor-section-height-default\" data-id=\"3d3428ab\" data-element_type=\"section\">\n\t\t\t\t\t\t<div class=\"elementor-container elementor-column-gap-default\">\n\t\t\t\t\t<div class=\"elementor-column elementor-col-100 elementor-top-column elementor-element elementor-element-4fd9febe\" data-id=\"4fd9febe\" data-element_type=\"column\">\n\t\t\t<div class=\"elementor-widget-wrap elementor-element-populated\">\n\t\t\t\t\t\t\t\t<div class=\"elementor-element elementor-element-57680ea5 elementor-widget elementor-widget-text-editor\" data-id=\"57680ea5\" data-element_type=\"widget\" data-widget_type=\"text-editor.default\">\n\t\t\t\t<div class=\"elementor-widget-container\">\n\t\t\t<style>\/*! elementor - v3.13.3 - 22-05-2023 *\/\n.elementor-widget-text-editor.elementor-drop-cap-view-stacked .elementor-drop-cap{background-color:#69727d;color:#fff}.elementor-widget-text-editor.elementor-drop-cap-view-framed .elementor-drop-cap{color:#69727d;border:3px solid;background-color:transparent}.elementor-widget-text-editor:not(.elementor-drop-cap-view-default) .elementor-drop-cap{margin-top:8px}.elementor-widget-text-editor:not(.elementor-drop-cap-view-default) .elementor-drop-cap-letter{width:1em;height:1em}.elementor-widget-text-editor .elementor-drop-cap{float:left;text-align:center;line-height:1;font-size:50px}.elementor-widget-text-editor .elementor-drop-cap-letter{display:inline-block}<\/style>\t\t\t\t<p>Entre les d\u00e9partements des Alpes de Haute Provence et du Var, les Gorges du Verdon est un site naturel exceptionnel de par son caract\u00e8re gigantesque et ses paysages \u00e0 couper le souffle.<\/p><p><br>Le canyon des Gorges du Verdon se situe entre les communes de Castellane et de Moustiers-Sainte-Marie. La route des cr\u00eates permet de d\u00e9couvrir les gorges vue d\u2019en haut et ses paysages majestueux. La hauteur des falaises peut atteindre jusqu\u2019\u00e0 750m et de nombreuses haltes permettent d\u2019appr\u00e9cier les points de vue.<\/p><p>Les villages comme Rougon ou La Palud sont des points de d\u00e9part de balades qui vous am\u00e8neront, pour certaines, jusqu\u2019aux rives de la rivi\u00e8re. Ne manquez pas d\u2019observer la faune, de nombreux oiseaux nichent dans le canyon, c\u2019est notament un lieu privil\u00e9gi\u00e9 pour les vautours.<\/p><p><br>Outre les circuits de randonn\u00e9es, un grand nombre d\u2019activit\u00e9s sont propos\u00e9es pour d\u00e9couvrir ce site merveilleux : de la location de p\u00e9dalo au parapente, en passant par le canyoning, et m\u00eame l\u2019escalade ;  \u00e0 chacun de choisir sa fa\u00e7on de d\u00e9couvrir\u2026<br>Le Pont du Galetas enjambe le Verdon \u00e0 la sortie des gorges, faisant la jonction entre les d\u00e9partements du Var et des Alpes-de-haute-Provence, et offrant un d\u00e9cor de carte postale. De l\u00e0 s\u2019\u00e9tend le lac de Sainte-Croix, cadre id\u00e9al pour poursuivre votre p\u00e9riple : baignade en famille, voile et planche \u00e0 voile.&nbsp;<\/p><p><br>En continuant la route, Moustiers-Sainte-Marie est un village magnifique tr\u00e8s agr\u00e9able \u00e0 visiter. Vous pourrez y d\u00e9couvrir boutiques de fa\u00efences et produits r\u00e9gionaux, d\u00e9guster une glace ou s\u2019installer \u00e0 l\u2019une des nombreuses terrasses de restaurants. Entre les fortes chaleurs et le d\u00e9nivel\u00e9 important du chemin d\u2019acc\u00e8s, la visite de la chapelle Notre-Dame-de-Beauvoir se m\u00e9rite mais la vue y est imprenable !&nbsp;<\/p><p>De Moustiers, quelques kilom\u00e8tres suppl\u00e9mentaires vous conduiront jusqu\u2019au plateau de Valensole. C\u2019est entre juin et juillet que les champs de lavande se parent de nuances de violet \u00e0 perte de vue pour le plus grand plaisir des yeux.<\/p>\t\t\t\t\t\t<\/div>\n\t\t\t\t<\/div>\n\t\t\t\t\t<\/div>\n\t\t<\/div>\n\t\t\t\t\t\t\t<\/div>\n\t\t<\/section>\n\t\t\t\t<section class=\"elementor-section elementor-top-section elementor-element elementor-element-5dbce0d elementor-section-boxed elementor-section-height-default elementor-section-height-default\" data-id=\"5dbce0d\" data-element_type=\"section\">\n\t\t\t\t\t\t<div class=\"elementor-container elementor-column-gap-default\">\n\t\t\t\t\t<div class=\"elementor-column elementor-col-100 elementor-top-column elementor-element elementor-element-bf9ed82\" data-id=\"bf9ed82\" data-element_type=\"column\">\n\t\t\t<div class=\"elementor-widget-wrap elementor-element-populated\">\n\t\t\t\t\t\t\t\t<div class=\"elementor-element elementor-element-fcf6e6d elementor-widget elementor-widget-image-gallery\" data-id=\"fcf6e6d\" data-element_type=\"widget\" data-widget_type=\"image-gallery.default\">\n\t\t\t\t<div class=\"elementor-widget-container\">\n\t\t\t<style>\/*! elementor - v3.13.3 - 22-05-2023 *\/\n.elementor-image-gallery .gallery-item{display:inline-block;text-align:center;vertical-align:top;width:100%;max-width:100%;margin:0 auto}.elementor-image-gallery .gallery-item img{margin:0 auto}.elementor-image-gallery .gallery-item .gallery-caption{margin:0}.elementor-image-gallery figure img{display:block}.elementor-image-gallery figure figcaption{width:100%}.gallery-spacing-custom .elementor-image-gallery .gallery-icon{padding:0}@media (min-width:768px){.elementor-image-gallery .gallery-columns-2 .gallery-item{max-width:50%}.elementor-image-gallery .gallery-columns-3 .gallery-item{max-width:33.33%}.elementor-image-gallery .gallery-columns-4 .gallery-item{max-width:25%}.elementor-image-gallery .gallery-columns-5 .gallery-item{max-width:20%}.elementor-image-gallery .gallery-columns-6 .gallery-item{max-width:16.666%}.elementor-image-gallery .gallery-columns-7 .gallery-item{max-width:14.28%}.elementor-image-gallery .gallery-columns-8 .gallery-item{max-width:12.5%}.elementor-image-gallery .gallery-columns-9 .gallery-item{max-width:11.11%}.elementor-image-gallery .gallery-columns-10 .gallery-item{max-width:10%}}@media (min-width:480px) and (max-width:767px){.elementor-image-gallery .gallery.gallery-columns-2 .gallery-item,.elementor-image-gallery .gallery.gallery-columns-3 .gallery-item,.elementor-image-gallery .gallery.gallery-columns-4 .gallery-item,.elementor-image-gallery .gallery.gallery-columns-5 .gallery-item,.elementor-image-gallery .gallery.gallery-columns-6 .gallery-item,.elementor-image-gallery .gallery.gallery-columns-7 .gallery-item,.elementor-image-gallery .gallery.gallery-columns-8 .gallery-item,.elementor-image-gallery .gallery.gallery-columns-9 .gallery-item,.elementor-image-gallery .gallery.gallery-columns-10 .gallery-item{max-width:50%}}@media (max-width:479px){.elementor-image-gallery .gallery.gallery-columns-2 .gallery-item,.elementor-image-gallery .gallery.gallery-columns-3 .gallery-item,.elementor-image-gallery .gallery.gallery-columns-4 .gallery-item,.elementor-image-gallery .gallery.gallery-columns-5 .gallery-item,.elementor-image-gallery .gallery.gallery-columns-6 .gallery-item,.elementor-image-gallery .gallery.gallery-columns-7 .gallery-item,.elementor-image-gallery .gallery.gallery-columns-8 .gallery-item,.elementor-image-gallery .gallery.gallery-columns-9 .gallery-item,.elementor-image-gallery .gallery.gallery-columns-10 .gallery-item{max-width:100%}}<\/style>\t\t<div class=\"elementor-image-gallery\">\n\t\t\t<div id='gallery-1' class='gallery galleryid-15 gallery-columns-4 gallery-size-thumbnail'><figure class='gallery-item'>\n\t\t\t<div class='gallery-icon landscape'>\n\t\t\t\t<a data-elementor-open-lightbox=\"yes\" data-elementor-lightbox-slideshow=\"fcf6e6d\" data-elementor-lightbox-title=\"1 - le Verdon et son lac\" data-e-action-hash=\"#elementor-action%3Aaction%3Dlightbox%26settings%3DeyJpZCI6Njg3LCJ1cmwiOiJodHRwczpcL1wvd3d3LnRlcnJhdmFuYS1sb2NhdGlvbnMuZnJcL2Jsb2dcL3dwLWNvbnRlbnRcL3VwbG9hZHNcLzIwMjNcLzA2XC8xLWxlLVZlcmRvbi1ldC1zb24tbGFjLmpwZyIsInNsaWRlc2hvdyI6ImZjZjZlNmQifQ%3D%3D\" href='https:\/\/www.terravana-locations.fr\/blog\/wp-content\/uploads\/2023\/06\/1-le-Verdon-et-son-lac.jpg'><img loading=\"lazy\" decoding=\"async\" width=\"150\" height=\"150\" src=\"https:\/\/www.terravana-locations.fr\/blog\/wp-content\/uploads\/2023\/06\/1-le-Verdon-et-son-lac-150x150.jpg\" class=\"attachment-thumbnail size-thumbnail\" alt=\"\" srcset=\"https:\/\/www.terravana-locations.fr\/blog\/wp-content\/uploads\/2023\/06\/1-le-Verdon-et-son-lac-150x150.jpg 150w, https:\/\/www.terravana-locations.fr\/blog\/wp-content\/uploads\/2023\/06\/1-le-Verdon-et-son-lac-90x90.jpg 90w\" sizes=\"auto, (max-width: 150px) 100vw, 150px\" \/><\/a>\n\t\t\t<\/div><\/figure><figure class='gallery-item'>\n\t\t\t<div class='gallery-icon landscape'>\n\t\t\t\t<a data-elementor-open-lightbox=\"yes\" data-elementor-lightbox-slideshow=\"fcf6e6d\" data-elementor-lightbox-title=\"2 - Pont du Galetas, entr\u00e9e des gorges\" data-e-action-hash=\"#elementor-action%3Aaction%3Dlightbox%26settings%3DeyJpZCI6Njg5LCJ1cmwiOiJodHRwczpcL1wvd3d3LnRlcnJhdmFuYS1sb2NhdGlvbnMuZnJcL2Jsb2dcL3dwLWNvbnRlbnRcL3VwbG9hZHNcLzIwMjNcLzA2XC8yLVBvbnQtZHUtR2FsZXRhcy1lbnRyZWUtZGVzLWdvcmdlcy5qcGciLCJzbGlkZXNob3ciOiJmY2Y2ZTZkIn0%3D\" href='https:\/\/www.terravana-locations.fr\/blog\/wp-content\/uploads\/2023\/06\/2-Pont-du-Galetas-entree-des-gorges.jpg'><img loading=\"lazy\" decoding=\"async\" width=\"150\" height=\"150\" src=\"https:\/\/www.terravana-locations.fr\/blog\/wp-content\/uploads\/2023\/06\/2-Pont-du-Galetas-entree-des-gorges-150x150.jpg\" class=\"attachment-thumbnail size-thumbnail\" alt=\"\" srcset=\"https:\/\/www.terravana-locations.fr\/blog\/wp-content\/uploads\/2023\/06\/2-Pont-du-Galetas-entree-des-gorges-150x150.jpg 150w, https:\/\/www.terravana-locations.fr\/blog\/wp-content\/uploads\/2023\/06\/2-Pont-du-Galetas-entree-des-gorges-90x90.jpg 90w\" sizes=\"auto, (max-width: 150px) 100vw, 150px\" \/><\/a>\n\t\t\t<\/div><\/figure><figure class='gallery-item'>\n\t\t\t<div class='gallery-icon portrait'>\n\t\t\t\t<a data-elementor-open-lightbox=\"yes\" data-elementor-lightbox-slideshow=\"fcf6e6d\" data-elementor-lightbox-title=\"3 - en cano\u00e9, paddle ou p\u00e9dalo\" data-e-action-hash=\"#elementor-action%3Aaction%3Dlightbox%26settings%3DeyJpZCI6NjkxLCJ1cmwiOiJodHRwczpcL1wvd3d3LnRlcnJhdmFuYS1sb2NhdGlvbnMuZnJcL2Jsb2dcL3dwLWNvbnRlbnRcL3VwbG9hZHNcLzIwMjNcLzA2XC8zLWVuLWNhbm9lLXBhZGRsZS1vdS1wZWRhbG8uanBnIiwic2xpZGVzaG93IjoiZmNmNmU2ZCJ9\" href='https:\/\/www.terravana-locations.fr\/blog\/wp-content\/uploads\/2023\/06\/3-en-canoe-paddle-ou-pedalo.jpg'><img loading=\"lazy\" decoding=\"async\" width=\"150\" height=\"150\" src=\"https:\/\/www.terravana-locations.fr\/blog\/wp-content\/uploads\/2023\/06\/3-en-canoe-paddle-ou-pedalo-150x150.jpg\" class=\"attachment-thumbnail size-thumbnail\" alt=\"\" srcset=\"https:\/\/www.terravana-locations.fr\/blog\/wp-content\/uploads\/2023\/06\/3-en-canoe-paddle-ou-pedalo-150x150.jpg 150w, https:\/\/www.terravana-locations.fr\/blog\/wp-content\/uploads\/2023\/06\/3-en-canoe-paddle-ou-pedalo-90x90.jpg 90w\" sizes=\"auto, (max-width: 150px) 100vw, 150px\" \/><\/a>\n\t\t\t<\/div><\/figure><figure class='gallery-item'>\n\t\t\t<div class='gallery-icon landscape'>\n\t\t\t\t<a data-elementor-open-lightbox=\"yes\" data-elementor-lightbox-slideshow=\"fcf6e6d\" data-elementor-lightbox-title=\"4 - en cano\u00e9, paddle ou p\u00e9dalo\" data-e-action-hash=\"#elementor-action%3Aaction%3Dlightbox%26settings%3DeyJpZCI6NjkzLCJ1cmwiOiJodHRwczpcL1wvd3d3LnRlcnJhdmFuYS1sb2NhdGlvbnMuZnJcL2Jsb2dcL3dwLWNvbnRlbnRcL3VwbG9hZHNcLzIwMjNcLzA2XC80LWVuLWNhbm9lLXBhZGRsZS1vdS1wZWRhbG8uanBnIiwic2xpZGVzaG93IjoiZmNmNmU2ZCJ9\" href='https:\/\/www.terravana-locations.fr\/blog\/wp-content\/uploads\/2023\/06\/4-en-canoe-paddle-ou-pedalo.jpg'><img loading=\"lazy\" decoding=\"async\" width=\"150\" height=\"150\" src=\"https:\/\/www.terravana-locations.fr\/blog\/wp-content\/uploads\/2023\/06\/4-en-canoe-paddle-ou-pedalo-150x150.jpg\" class=\"attachment-thumbnail size-thumbnail\" alt=\"\" srcset=\"https:\/\/www.terravana-locations.fr\/blog\/wp-content\/uploads\/2023\/06\/4-en-canoe-paddle-ou-pedalo-150x150.jpg 150w, https:\/\/www.terravana-locations.fr\/blog\/wp-content\/uploads\/2023\/06\/4-en-canoe-paddle-ou-pedalo-90x90.jpg 90w\" sizes=\"auto, (max-width: 150px) 100vw, 150px\" \/><\/a>\n\t\t\t<\/div><\/figure><figure class='gallery-item'>\n\t\t\t<div class='gallery-icon portrait'>\n\t\t\t\t<a data-elementor-open-lightbox=\"yes\" data-elementor-lightbox-slideshow=\"fcf6e6d\" data-elementor-lightbox-title=\"5 - petite cascade\" data-e-action-hash=\"#elementor-action%3Aaction%3Dlightbox%26settings%3DeyJpZCI6Njk1LCJ1cmwiOiJodHRwczpcL1wvd3d3LnRlcnJhdmFuYS1sb2NhdGlvbnMuZnJcL2Jsb2dcL3dwLWNvbnRlbnRcL3VwbG9hZHNcLzIwMjNcLzA2XC81LXBldGl0ZS1jYXNjYWRlLmpwZyIsInNsaWRlc2hvdyI6ImZjZjZlNmQifQ%3D%3D\" href='https:\/\/www.terravana-locations.fr\/blog\/wp-content\/uploads\/2023\/06\/5-petite-cascade.jpg'><img loading=\"lazy\" decoding=\"async\" width=\"150\" height=\"150\" src=\"https:\/\/www.terravana-locations.fr\/blog\/wp-content\/uploads\/2023\/06\/5-petite-cascade-150x150.jpg\" class=\"attachment-thumbnail size-thumbnail\" alt=\"\" srcset=\"https:\/\/www.terravana-locations.fr\/blog\/wp-content\/uploads\/2023\/06\/5-petite-cascade-150x150.jpg 150w, https:\/\/www.terravana-locations.fr\/blog\/wp-content\/uploads\/2023\/06\/5-petite-cascade-90x90.jpg 90w\" sizes=\"auto, (max-width: 150px) 100vw, 150px\" \/><\/a>\n\t\t\t<\/div><\/figure><figure class='gallery-item'>\n\t\t\t<div class='gallery-icon landscape'>\n\t\t\t\t<a data-elementor-open-lightbox=\"yes\" data-elementor-lightbox-slideshow=\"fcf6e6d\" data-elementor-lightbox-title=\"6 - cavit\u00e9s\" data-e-action-hash=\"#elementor-action%3Aaction%3Dlightbox%26settings%3DeyJpZCI6Njk3LCJ1cmwiOiJodHRwczpcL1wvd3d3LnRlcnJhdmFuYS1sb2NhdGlvbnMuZnJcL2Jsb2dcL3dwLWNvbnRlbnRcL3VwbG9hZHNcLzIwMjNcLzA2XC82LWNhdml0ZXMuanBnIiwic2xpZGVzaG93IjoiZmNmNmU2ZCJ9\" href='https:\/\/www.terravana-locations.fr\/blog\/wp-content\/uploads\/2023\/06\/6-cavites.jpg'><img loading=\"lazy\" decoding=\"async\" width=\"150\" height=\"150\" src=\"https:\/\/www.terravana-locations.fr\/blog\/wp-content\/uploads\/2023\/06\/6-cavites-150x150.jpg\" class=\"attachment-thumbnail size-thumbnail\" alt=\"\" srcset=\"https:\/\/www.terravana-locations.fr\/blog\/wp-content\/uploads\/2023\/06\/6-cavites-150x150.jpg 150w, https:\/\/www.terravana-locations.fr\/blog\/wp-content\/uploads\/2023\/06\/6-cavites-90x90.jpg 90w\" sizes=\"auto, (max-width: 150px) 100vw, 150px\" \/><\/a>\n\t\t\t<\/div><\/figure><figure class='gallery-item'>\n\t\t\t<div class='gallery-icon portrait'>\n\t\t\t\t<a data-elementor-open-lightbox=\"yes\" data-elementor-lightbox-slideshow=\"fcf6e6d\" data-elementor-lightbox-title=\"7- canyoning\" data-e-action-hash=\"#elementor-action%3Aaction%3Dlightbox%26settings%3DeyJpZCI6Njk5LCJ1cmwiOiJodHRwczpcL1wvd3d3LnRlcnJhdmFuYS1sb2NhdGlvbnMuZnJcL2Jsb2dcL3dwLWNvbnRlbnRcL3VwbG9hZHNcLzIwMjNcLzA2XC83LWNhbnlvbmluZy5qcGciLCJzbGlkZXNob3ciOiJmY2Y2ZTZkIn0%3D\" href='https:\/\/www.terravana-locations.fr\/blog\/wp-content\/uploads\/2023\/06\/7-canyoning.jpg'><img loading=\"lazy\" decoding=\"async\" width=\"150\" height=\"150\" src=\"https:\/\/www.terravana-locations.fr\/blog\/wp-content\/uploads\/2023\/06\/7-canyoning-150x150.jpg\" class=\"attachment-thumbnail size-thumbnail\" alt=\"\" srcset=\"https:\/\/www.terravana-locations.fr\/blog\/wp-content\/uploads\/2023\/06\/7-canyoning-150x150.jpg 150w, https:\/\/www.terravana-locations.fr\/blog\/wp-content\/uploads\/2023\/06\/7-canyoning-90x90.jpg 90w\" sizes=\"auto, (max-width: 150px) 100vw, 150px\" \/><\/a>\n\t\t\t<\/div><\/figure><figure class='gallery-item'>\n\t\t\t<div class='gallery-icon landscape'>\n\t\t\t\t<a data-elementor-open-lightbox=\"yes\" data-elementor-lightbox-slideshow=\"fcf6e6d\" data-elementor-lightbox-title=\"8 - Verdon martel\" data-e-action-hash=\"#elementor-action%3Aaction%3Dlightbox%26settings%3DeyJpZCI6NzAxLCJ1cmwiOiJodHRwczpcL1wvd3d3LnRlcnJhdmFuYS1sb2NhdGlvbnMuZnJcL2Jsb2dcL3dwLWNvbnRlbnRcL3VwbG9hZHNcLzIwMjNcLzA2XC84LVZlcmRvbi1tYXJ0ZWwuanBnIiwic2xpZGVzaG93IjoiZmNmNmU2ZCJ9\" href='https:\/\/www.terravana-locations.fr\/blog\/wp-content\/uploads\/2023\/06\/8-Verdon-martel.jpg'><img loading=\"lazy\" decoding=\"async\" width=\"150\" height=\"150\" src=\"https:\/\/www.terravana-locations.fr\/blog\/wp-content\/uploads\/2023\/06\/8-Verdon-martel-150x150.jpg\" class=\"attachment-thumbnail size-thumbnail\" alt=\"\" srcset=\"https:\/\/www.terravana-locations.fr\/blog\/wp-content\/uploads\/2023\/06\/8-Verdon-martel-150x150.jpg 150w, https:\/\/www.terravana-locations.fr\/blog\/wp-content\/uploads\/2023\/06\/8-Verdon-martel-90x90.jpg 90w\" sizes=\"auto, (max-width: 150px) 100vw, 150px\" \/><\/a>\n\t\t\t<\/div><\/figure><figure class='gallery-item'>\n\t\t\t<div class='gallery-icon landscape'>\n\t\t\t\t<a data-elementor-open-lightbox=\"yes\" data-elementor-lightbox-slideshow=\"fcf6e6d\" data-elementor-lightbox-title=\"9 - lac de Sainte-Croix\" data-e-action-hash=\"#elementor-action%3Aaction%3Dlightbox%26settings%3DeyJpZCI6NzAzLCJ1cmwiOiJodHRwczpcL1wvd3d3LnRlcnJhdmFuYS1sb2NhdGlvbnMuZnJcL2Jsb2dcL3dwLWNvbnRlbnRcL3VwbG9hZHNcLzIwMjNcLzA2XC85LWxhYy1kZS1TYWludGUtQ3JvaXguanBnIiwic2xpZGVzaG93IjoiZmNmNmU2ZCJ9\" href='https:\/\/www.terravana-locations.fr\/blog\/wp-content\/uploads\/2023\/06\/9-lac-de-Sainte-Croix.jpg'><img loading=\"lazy\" decoding=\"async\" width=\"150\" height=\"150\" src=\"https:\/\/www.terravana-locations.fr\/blog\/wp-content\/uploads\/2023\/06\/9-lac-de-Sainte-Croix-150x150.jpg\" class=\"attachment-thumbnail size-thumbnail\" alt=\"\" srcset=\"https:\/\/www.terravana-locations.fr\/blog\/wp-content\/uploads\/2023\/06\/9-lac-de-Sainte-Croix-150x150.jpg 150w, https:\/\/www.terravana-locations.fr\/blog\/wp-content\/uploads\/2023\/06\/9-lac-de-Sainte-Croix-90x90.jpg 90w\" sizes=\"auto, (max-width: 150px) 100vw, 150px\" \/><\/a>\n\t\t\t<\/div><\/figure><figure class='gallery-item'>\n\t\t\t<div class='gallery-icon landscape'>\n\t\t\t\t<a data-elementor-open-lightbox=\"yes\" data-elementor-lightbox-slideshow=\"fcf6e6d\" data-elementor-lightbox-title=\"10 - lac de Sainte-Croix\" data-e-action-hash=\"#elementor-action%3Aaction%3Dlightbox%26settings%3DeyJpZCI6NzA1LCJ1cmwiOiJodHRwczpcL1wvd3d3LnRlcnJhdmFuYS1sb2NhdGlvbnMuZnJcL2Jsb2dcL3dwLWNvbnRlbnRcL3VwbG9hZHNcLzIwMjNcLzA2XC8xMC1sYWMtZGUtU2FpbnRlLUNyb2l4LmpwZyIsInNsaWRlc2hvdyI6ImZjZjZlNmQifQ%3D%3D\" href='https:\/\/www.terravana-locations.fr\/blog\/wp-content\/uploads\/2023\/06\/10-lac-de-Sainte-Croix.jpg'><img loading=\"lazy\" decoding=\"async\" width=\"150\" height=\"150\" src=\"https:\/\/www.terravana-locations.fr\/blog\/wp-content\/uploads\/2023\/06\/10-lac-de-Sainte-Croix-150x150.jpg\" class=\"attachment-thumbnail size-thumbnail\" alt=\"\" srcset=\"https:\/\/www.terravana-locations.fr\/blog\/wp-content\/uploads\/2023\/06\/10-lac-de-Sainte-Croix-150x150.jpg 150w, https:\/\/www.terravana-locations.fr\/blog\/wp-content\/uploads\/2023\/06\/10-lac-de-Sainte-Croix-90x90.jpg 90w\" sizes=\"auto, (max-width: 150px) 100vw, 150px\" \/><\/a>\n\t\t\t<\/div><\/figure><figure class='gallery-item'>\n\t\t\t<div class='gallery-icon landscape'>\n\t\t\t\t<a data-elementor-open-lightbox=\"yes\" data-elementor-lightbox-slideshow=\"fcf6e6d\" data-elementor-lightbox-title=\"11 - lac de Sainte-Croix en fin de journ\u00e9e\" data-e-action-hash=\"#elementor-action%3Aaction%3Dlightbox%26settings%3DeyJpZCI6NzA3LCJ1cmwiOiJodHRwczpcL1wvd3d3LnRlcnJhdmFuYS1sb2NhdGlvbnMuZnJcL2Jsb2dcL3dwLWNvbnRlbnRcL3VwbG9hZHNcLzIwMjNcLzA2XC8xMS1sYWMtZGUtU2FpbnRlLUNyb2l4LWVuLWZpbi1kZS1qb3VybmVlLmpwZyIsInNsaWRlc2hvdyI6ImZjZjZlNmQifQ%3D%3D\" href='https:\/\/www.terravana-locations.fr\/blog\/wp-content\/uploads\/2023\/06\/11-lac-de-Sainte-Croix-en-fin-de-journee.jpg'><img loading=\"lazy\" decoding=\"async\" width=\"150\" height=\"150\" src=\"https:\/\/www.terravana-locations.fr\/blog\/wp-content\/uploads\/2023\/06\/11-lac-de-Sainte-Croix-en-fin-de-journee-150x150.jpg\" class=\"attachment-thumbnail size-thumbnail\" alt=\"\" srcset=\"https:\/\/www.terravana-locations.fr\/blog\/wp-content\/uploads\/2023\/06\/11-lac-de-Sainte-Croix-en-fin-de-journee-150x150.jpg 150w, https:\/\/www.terravana-locations.fr\/blog\/wp-content\/uploads\/2023\/06\/11-lac-de-Sainte-Croix-en-fin-de-journee-90x90.jpg 90w\" sizes=\"auto, (max-width: 150px) 100vw, 150px\" \/><\/a>\n\t\t\t<\/div><\/figure><figure class='gallery-item'>\n\t\t\t<div class='gallery-icon landscape'>\n\t\t\t\t<a data-elementor-open-lightbox=\"yes\" data-elementor-lightbox-slideshow=\"fcf6e6d\" data-elementor-lightbox-title=\"12 - Lavandes\" data-e-action-hash=\"#elementor-action%3Aaction%3Dlightbox%26settings%3DeyJpZCI6NzA5LCJ1cmwiOiJodHRwczpcL1wvd3d3LnRlcnJhdmFuYS1sb2NhdGlvbnMuZnJcL2Jsb2dcL3dwLWNvbnRlbnRcL3VwbG9hZHNcLzIwMjNcLzA2XC8xMi1MYXZhbmRlcy5qcGciLCJzbGlkZXNob3ciOiJmY2Y2ZTZkIn0%3D\" href='https:\/\/www.terravana-locations.fr\/blog\/wp-content\/uploads\/2023\/06\/12-Lavandes.jpg'><img loading=\"lazy\" decoding=\"async\" width=\"150\" height=\"150\" src=\"https:\/\/www.terravana-locations.fr\/blog\/wp-content\/uploads\/2023\/06\/12-Lavandes-150x150.jpg\" class=\"attachment-thumbnail size-thumbnail\" alt=\"\" srcset=\"https:\/\/www.terravana-locations.fr\/blog\/wp-content\/uploads\/2023\/06\/12-Lavandes-150x150.jpg 150w, https:\/\/www.terravana-locations.fr\/blog\/wp-content\/uploads\/2023\/06\/12-Lavandes-90x90.jpg 90w\" sizes=\"auto, (max-width: 150px) 100vw, 150px\" \/><\/a>\n\t\t\t<\/div><\/figure>\n\t\t<\/div>\n\t\t<\/div>\n\t\t\t\t<\/div>\n\t\t\t\t<\/div>\n\t\t\t\t\t<\/div>\n\t\t<\/div>\n\t\t\t\t\t\t\t<\/div>\n\t\t<\/section>\n\t\t\t\t<section class=\"elementor-section elementor-top-section elementor-element elementor-element-28fb453 elementor-section-boxed elementor-section-height-default elementor-section-height-default\" data-id=\"28fb453\" data-element_type=\"section\">\n\t\t\t\t\t\t<div class=\"elementor-container elementor-column-gap-default\">\n\t\t\t\t\t<div class=\"elementor-column elementor-col-100 elementor-top-column elementor-element elementor-element-abca23f\" data-id=\"abca23f\" data-element_type=\"column\">\n\t\t\t<div class=\"elementor-widget-wrap elementor-element-populated\">\n\t\t\t\t\t\t\t\t<section class=\"elementor-section elementor-inner-section elementor-element elementor-element-b54a865 elementor-section-boxed elementor-section-height-default elementor-section-height-default\" data-id=\"b54a865\" data-element_type=\"section\">\n\t\t\t\t\t\t<div class=\"elementor-container elementor-column-gap-default\">\n\t\t\t\t\t<div class=\"elementor-column elementor-col-50 elementor-inner-column elementor-element elementor-element-52977d7\" data-id=\"52977d7\" data-element_type=\"column\">\n\t\t\t<div class=\"elementor-widget-wrap elementor-element-populated\">\n\t\t\t\t\t\t\t\t<div class=\"elementor-element elementor-element-55bc25e elementor-widget elementor-widget-button\" data-id=\"55bc25e\" data-element_type=\"widget\" data-widget_type=\"button.default\">\n\t\t\t\t<div class=\"elementor-widget-container\">\n\t\t\t\t\t<div class=\"elementor-button-wrapper\">\n\t\t\t<a href=\"https:\/\/fb.watch\/l4nDRqvtRn\/\" target=\"_blank\" class=\"elementor-button-link elementor-button elementor-size-sm\" role=\"button\">\n\t\t\t\t\t\t<span class=\"elementor-button-content-wrapper\">\n\t\t\t\t\t\t\t<span class=\"elementor-button-icon elementor-align-icon-left\">\n\t\t\t\t<i aria-hidden=\"true\" class=\"far fa-hand-point-right\"><\/i>\t\t\t<\/span>\n\t\t\t\t\t\t<span class=\"elementor-button-text\">le lac de Sainte Croix en images<\/span>\n\t\t<\/span>\n\t\t\t\t\t<\/a>\n\t\t<\/div>\n\t\t\t\t<\/div>\n\t\t\t\t<\/div>\n\t\t\t\t\t<\/div>\n\t\t<\/div>\n\t\t\t\t<div class=\"elementor-column elementor-col-50 elementor-inner-column elementor-element elementor-element-38129fb\" data-id=\"38129fb\" data-element_type=\"column\">\n\t\t\t<div class=\"elementor-widget-wrap elementor-element-populated\">\n\t\t\t\t\t\t\t\t<div class=\"elementor-element elementor-element-a1407ee elementor-widget__width-initial elementor-widget elementor-widget-testimonial\" data-id=\"a1407ee\" data-element_type=\"widget\" data-widget_type=\"testimonial.default\">\n\t\t\t\t<div class=\"elementor-widget-container\">\n\t\t\t<style>\/*! elementor - v3.13.3 - 22-05-2023 *\/\n.elementor-testimonial-wrapper{overflow:hidden;text-align:center}.elementor-testimonial-wrapper .elementor-testimonial-content{font-size:1.3em;margin-bottom:20px}.elementor-testimonial-wrapper .elementor-testimonial-name{line-height:1.5;display:block}.elementor-testimonial-wrapper .elementor-testimonial-job{font-size:.85em;display:block}.elementor-testimonial-wrapper .elementor-testimonial-meta{width:100%;line-height:1}.elementor-testimonial-wrapper .elementor-testimonial-meta-inner{display:inline-block}.elementor-testimonial-wrapper .elementor-testimonial-meta .elementor-testimonial-details,.elementor-testimonial-wrapper .elementor-testimonial-meta .elementor-testimonial-image{display:table-cell;vertical-align:middle}.elementor-testimonial-wrapper .elementor-testimonial-meta .elementor-testimonial-image img{width:60px;height:60px;border-radius:50%;-o-object-fit:cover;object-fit:cover;max-width:none}.elementor-testimonial-wrapper .elementor-testimonial-meta.elementor-testimonial-image-position-aside .elementor-testimonial-image{padding-right:15px}.elementor-testimonial-wrapper .elementor-testimonial-meta.elementor-testimonial-image-position-aside .elementor-testimonial-details{text-align:left}.elementor-testimonial-wrapper .elementor-testimonial-meta.elementor-testimonial-image-position-top .elementor-testimonial-details,.elementor-testimonial-wrapper .elementor-testimonial-meta.elementor-testimonial-image-position-top .elementor-testimonial-image{display:block}.elementor-testimonial-wrapper .elementor-testimonial-meta.elementor-testimonial-image-position-top .elementor-testimonial-image{margin-bottom:20px}<\/style>\t\t<div class=\"elementor-testimonial-wrapper\">\n\t\t\t\t\t\t\t<div class=\"elementor-testimonial-content\"><span style=\"caret-color: rgb(122, 122, 122); font-family: &quot;Open Sans&quot;, sans-serif; font-size: 24px; white-space: normal;\">D\u00e9couvrez&nbsp;<\/span><br><span style=\"caret-color: rgb(122, 122, 122); font-family: &quot;Open Sans&quot;, sans-serif; font-size: 24px; white-space: normal;\">votre future maison de vacances&nbsp;<\/span><br><h2 style=\"caret-color: rgb(122, 122, 122); color: rgb(122, 122, 122); white-space: normal;\"><strong>\u21d3<\/strong><span style=\"color: rgb(32, 210, 213); font-family: var( --e-global-typography-text-font-family ), Sans-serif; font-size: 1.3em; font-weight: var( --e-global-typography-text-font-weight ); white-space: pre-wrap;\"><\/span><\/h2><\/div>\n\t\t\t\n\t\t\t\t\t\t<div class=\"elementor-testimonial-meta elementor-has-image elementor-testimonial-image-position-top\">\n\t\t\t\t<div class=\"elementor-testimonial-meta-inner\">\n\t\t\t\t\t\t\t\t\t\t\t<div class=\"elementor-testimonial-image\">\n\t\t\t\t\t\t\t<a href=\"https:\/\/www.terravana-locations.fr\/location\/location-locations-d0\/\" target=\"_blank\"><img loading=\"lazy\" decoding=\"async\" width=\"632\" height=\"430\" src=\"https:\/\/www.terravana-locations.fr\/blog\/wp-content\/uploads\/2023\/05\/Logo-wordpress-632x430.jpg\" class=\"attachment-post size-post wp-image-187\" alt=\"\" \/><\/a>\t\t\t\t\t\t<\/div>\n\t\t\t\t\t\n\t\t\t\t\t\t\t\t\t<\/div>\n\t\t\t<\/div>\n\t\t\t\t\t<\/div>\n\t\t\t\t<\/div>\n\t\t\t\t<\/div>\n\t\t\t\t\t<\/div>\n\t\t<\/div>\n\t\t\t\t\t\t\t<\/div>\n\t\t<\/section>\n\t\t\t\t\t<\/div>\n\t\t<\/div>\n\t\t\t\t\t\t\t<\/div>\n\t\t<\/section>\n\t\t\t\t\t\t\t<\/div>\n\t\t","protected":false},"excerpt":{"rendered":"<p>Entre les d\u00e9partements des Alpes de Haute Provence et du Var, les Gorges du Verdon est un site naturel exceptionnel de par son caract\u00e8re gigantesque et ses paysages \u00e0 couper le souffle.<\/p>\n","protected":false},"author":2,"featured_media":587,"comment_status":"closed","ping_status":"closed","sticky":false,"template":"","format":"standard","meta":{"footnotes":""},"categories":[8],"tags":[],"class_list":["post-15","post","type-post","status-publish","format-standard","has-post-thumbnail","hentry","category-les-environs"],"yoast_head":"<!-- This site is optimized with the Yoast SEO plugin v20.8 - https:\/\/yoast.com\/wordpress\/plugins\/seo\/ -->\n<title>Gorges du Verdon et Lac de Sainte Croix - Blog<\/title>\n<meta name=\"description\" content=\"Entre Alpes de Haute Provence et Var, d\u00e9couvrez les Gorges du Verdon, site naturel exceptionnel aux paysages \u00e0 couper le souffle ! - Blog\" \/>\n<meta name=\"robots\" content=\"index, follow, max-snippet:-1, max-image-preview:large, max-video-preview:-1\" \/>\n<link rel=\"canonical\" href=\"https:\/\/www.terravana-locations.fr\/blog\/gorges-du-verdon-et-lac-de-sainte-croix\/\" \/>\n<meta property=\"og:locale\" content=\"fr_FR\" \/>\n<meta property=\"og:type\" content=\"article\" \/>\n<meta property=\"og:title\" content=\"Gorges du Verdon et Lac de Sainte Croix - Blog\" \/>\n<meta property=\"og:description\" content=\"Entre Alpes de Haute Provence et Var, d\u00e9couvrez les Gorges du Verdon, site naturel exceptionnel aux paysages \u00e0 couper le souffle ! - Blog\" \/>\n<meta property=\"og:url\" content=\"https:\/\/www.terravana-locations.fr\/blog\/gorges-du-verdon-et-lac-de-sainte-croix\/\" \/>\n<meta property=\"og:site_name\" content=\"Blog\" \/>\n<meta property=\"article:author\" content=\"https:\/\/www.facebook.com\/Terravana\" \/>\n<meta property=\"article:published_time\" content=\"2023-06-03T11:48:56+00:00\" \/>\n<meta property=\"article:modified_time\" content=\"2023-06-11T14:17:03+00:00\" \/>\n<meta property=\"og:image\" content=\"https:\/\/www.terravana-locations.fr\/blog\/wp-content\/uploads\/2023\/05\/Verdon-1.jpg\" \/>\n\t<meta property=\"og:image:width\" content=\"1390\" \/>\n\t<meta property=\"og:image:height\" content=\"928\" \/>\n\t<meta property=\"og:image:type\" content=\"image\/jpeg\" \/>\n<meta name=\"author\" content=\"terravana\" \/>\n<meta name=\"twitter:card\" content=\"summary_large_image\" \/>\n<meta name=\"twitter:label1\" content=\"\u00c9crit par\" \/>\n\t<meta name=\"twitter:data1\" content=\"terravana\" \/>\n\t<meta name=\"twitter:label2\" content=\"Dur\u00e9e de lecture estim\u00e9e\" \/>\n\t<meta name=\"twitter:data2\" content=\"4 minutes\" \/>\n<script type=\"application\/ld+json\" class=\"yoast-schema-graph\">{\"@context\":\"https:\/\/schema.org\",\"@graph\":[{\"@type\":\"WebPage\",\"@id\":\"https:\/\/www.terravana-locations.fr\/blog\/gorges-du-verdon-et-lac-de-sainte-croix\/\",\"url\":\"https:\/\/www.terravana-locations.fr\/blog\/gorges-du-verdon-et-lac-de-sainte-croix\/\",\"name\":\"Gorges du Verdon et Lac de Sainte Croix - Blog\",\"isPartOf\":{\"@id\":\"https:\/\/www.terravana-locations.fr\/blog\/#website\"},\"datePublished\":\"2023-06-03T11:48:56+00:00\",\"dateModified\":\"2023-06-11T14:17:03+00:00\",\"author\":{\"@id\":\"https:\/\/www.terravana-locations.fr\/blog\/#\/schema\/person\/b050c3248a1a6f8f396367e2ba60f1e4\"},\"description\":\"Entre Alpes de Haute Provence et Var, d\u00e9couvrez les Gorges du Verdon, site naturel exceptionnel aux paysages \u00e0 couper le souffle ! - Blog\",\"breadcrumb\":{\"@id\":\"https:\/\/www.terravana-locations.fr\/blog\/gorges-du-verdon-et-lac-de-sainte-croix\/#breadcrumb\"},\"inLanguage\":\"fr-FR\",\"potentialAction\":[{\"@type\":\"ReadAction\",\"target\":[\"https:\/\/www.terravana-locations.fr\/blog\/gorges-du-verdon-et-lac-de-sainte-croix\/\"]}]},{\"@type\":\"BreadcrumbList\",\"@id\":\"https:\/\/www.terravana-locations.fr\/blog\/gorges-du-verdon-et-lac-de-sainte-croix\/#breadcrumb\",\"itemListElement\":[{\"@type\":\"ListItem\",\"position\":1,\"name\":\"Accueil\",\"item\":\"https:\/\/www.terravana-locations.fr\/blog\/\"},{\"@type\":\"ListItem\",\"position\":2,\"name\":\"Gorges du Verdon et Lac de Sainte Croix\"}]},{\"@type\":\"WebSite\",\"@id\":\"https:\/\/www.terravana-locations.fr\/blog\/#website\",\"url\":\"https:\/\/www.terravana-locations.fr\/blog\/\",\"name\":\"Blog\",\"description\":\"Terravana\",\"potentialAction\":[{\"@type\":\"SearchAction\",\"target\":{\"@type\":\"EntryPoint\",\"urlTemplate\":\"https:\/\/www.terravana-locations.fr\/blog\/?s={search_term_string}\"},\"query-input\":\"required name=search_term_string\"}],\"inLanguage\":\"fr-FR\"},{\"@type\":\"Person\",\"@id\":\"https:\/\/www.terravana-locations.fr\/blog\/#\/schema\/person\/b050c3248a1a6f8f396367e2ba60f1e4\",\"name\":\"terravana\",\"image\":{\"@type\":\"ImageObject\",\"inLanguage\":\"fr-FR\",\"@id\":\"https:\/\/www.terravana-locations.fr\/blog\/#\/schema\/person\/image\/\",\"url\":\"https:\/\/secure.gravatar.com\/avatar\/c31a419465d30aea2e48805dc95773d860227be12cab658c763a0a65c867ce59?s=96&d=mm&r=g\",\"contentUrl\":\"https:\/\/secure.gravatar.com\/avatar\/c31a419465d30aea2e48805dc95773d860227be12cab658c763a0a65c867ce59?s=96&d=mm&r=g\",\"caption\":\"terravana\"},\"description\":\"Terravana, sp\u00e9cialiste du tourisme en Provence, \u00e0 votre service depuis 2012\",\"sameAs\":[\"http:\/\/www.terravana-location.fr\",\"https:\/\/www.facebook.com\/Terravana\",\"https:\/\/www.instagram.com\/terravana83\/\"],\"url\":\"https:\/\/www.terravana-locations.fr\/blog\/author\/terravana\/\"}]}<\/script>\n<!-- \/ Yoast SEO plugin. -->","yoast_head_json":{"title":"Gorges du Verdon et Lac de Sainte Croix - Blog","description":"Entre Alpes de Haute Provence et Var, d\u00e9couvrez les Gorges du Verdon, site naturel exceptionnel aux paysages \u00e0 couper le souffle ! - Blog","robots":{"index":"index","follow":"follow","max-snippet":"max-snippet:-1","max-image-preview":"max-image-preview:large","max-video-preview":"max-video-preview:-1"},"canonical":"https:\/\/www.terravana-locations.fr\/blog\/gorges-du-verdon-et-lac-de-sainte-croix\/","og_locale":"fr_FR","og_type":"article","og_title":"Gorges du Verdon et Lac de Sainte Croix - Blog","og_description":"Entre Alpes de Haute Provence et Var, d\u00e9couvrez les Gorges du Verdon, site naturel exceptionnel aux paysages \u00e0 couper le souffle ! - Blog","og_url":"https:\/\/www.terravana-locations.fr\/blog\/gorges-du-verdon-et-lac-de-sainte-croix\/","og_site_name":"Blog","article_author":"https:\/\/www.facebook.com\/Terravana","article_published_time":"2023-06-03T11:48:56+00:00","article_modified_time":"2023-06-11T14:17:03+00:00","og_image":[{"width":1390,"height":928,"url":"https:\/\/www.terravana-locations.fr\/blog\/wp-content\/uploads\/2023\/05\/Verdon-1.jpg","type":"image\/jpeg"}],"author":"terravana","twitter_card":"summary_large_image","twitter_misc":{"\u00c9crit par":"terravana","Dur\u00e9e de lecture estim\u00e9e":"4 minutes"},"schema":{"@context":"https:\/\/schema.org","@graph":[{"@type":"WebPage","@id":"https:\/\/www.terravana-locations.fr\/blog\/gorges-du-verdon-et-lac-de-sainte-croix\/","url":"https:\/\/www.terravana-locations.fr\/blog\/gorges-du-verdon-et-lac-de-sainte-croix\/","name":"Gorges du Verdon et Lac de Sainte Croix - Blog","isPartOf":{"@id":"https:\/\/www.terravana-locations.fr\/blog\/#website"},"datePublished":"2023-06-03T11:48:56+00:00","dateModified":"2023-06-11T14:17:03+00:00","author":{"@id":"https:\/\/www.terravana-locations.fr\/blog\/#\/schema\/person\/b050c3248a1a6f8f396367e2ba60f1e4"},"description":"Entre Alpes de Haute Provence et Var, d\u00e9couvrez les Gorges du Verdon, site naturel exceptionnel aux paysages \u00e0 couper le souffle ! - Blog","breadcrumb":{"@id":"https:\/\/www.terravana-locations.fr\/blog\/gorges-du-verdon-et-lac-de-sainte-croix\/#breadcrumb"},"inLanguage":"fr-FR","potentialAction":[{"@type":"ReadAction","target":["https:\/\/www.terravana-locations.fr\/blog\/gorges-du-verdon-et-lac-de-sainte-croix\/"]}]},{"@type":"BreadcrumbList","@id":"https:\/\/www.terravana-locations.fr\/blog\/gorges-du-verdon-et-lac-de-sainte-croix\/#breadcrumb","itemListElement":[{"@type":"ListItem","position":1,"name":"Accueil","item":"https:\/\/www.terravana-locations.fr\/blog\/"},{"@type":"ListItem","position":2,"name":"Gorges du Verdon et Lac de Sainte Croix"}]},{"@type":"WebSite","@id":"https:\/\/www.terravana-locations.fr\/blog\/#website","url":"https:\/\/www.terravana-locations.fr\/blog\/","name":"Blog","description":"Terravana","potentialAction":[{"@type":"SearchAction","target":{"@type":"EntryPoint","urlTemplate":"https:\/\/www.terravana-locations.fr\/blog\/?s={search_term_string}"},"query-input":"required name=search_term_string"}],"inLanguage":"fr-FR"},{"@type":"Person","@id":"https:\/\/www.terravana-locations.fr\/blog\/#\/schema\/person\/b050c3248a1a6f8f396367e2ba60f1e4","name":"terravana","image":{"@type":"ImageObject","inLanguage":"fr-FR","@id":"https:\/\/www.terravana-locations.fr\/blog\/#\/schema\/person\/image\/","url":"https:\/\/secure.gravatar.com\/avatar\/c31a419465d30aea2e48805dc95773d860227be12cab658c763a0a65c867ce59?s=96&d=mm&r=g","contentUrl":"https:\/\/secure.gravatar.com\/avatar\/c31a419465d30aea2e48805dc95773d860227be12cab658c763a0a65c867ce59?s=96&d=mm&r=g","caption":"terravana"},"description":"Terravana, sp\u00e9cialiste du tourisme en Provence, \u00e0 votre service depuis 2012","sameAs":["http:\/\/www.terravana-location.fr","https:\/\/www.facebook.com\/Terravana","https:\/\/www.instagram.com\/terravana83\/"],"url":"https:\/\/www.terravana-locations.fr\/blog\/author\/terravana\/"}]}},"_links":{"self":[{"href":"https:\/\/www.terravana-locations.fr\/blog\/wp-json\/wp\/v2\/posts\/15","targetHints":{"allow":["GET"]}}],"collection":[{"href":"https:\/\/www.terravana-locations.fr\/blog\/wp-json\/wp\/v2\/posts"}],"about":[{"href":"https:\/\/www.terravana-locations.fr\/blog\/wp-json\/wp\/v2\/types\/post"}],"author":[{"embeddable":true,"href":"https:\/\/www.terravana-locations.fr\/blog\/wp-json\/wp\/v2\/users\/2"}],"replies":[{"embeddable":true,"href":"https:\/\/www.terravana-locations.fr\/blog\/wp-json\/wp\/v2\/comments?post=15"}],"version-history":[{"count":29,"href":"https:\/\/www.terravana-locations.fr\/blog\/wp-json\/wp\/v2\/posts\/15\/revisions"}],"predecessor-version":[{"id":713,"href":"https:\/\/www.terravana-locations.fr\/blog\/wp-json\/wp\/v2\/posts\/15\/revisions\/713"}],"wp:featuredmedia":[{"embeddable":true,"href":"https:\/\/www.terravana-locations.fr\/blog\/wp-json\/wp\/v2\/media\/587"}],"wp:attachment":[{"href":"https:\/\/www.terravana-locations.fr\/blog\/wp-json\/wp\/v2\/media?parent=15"}],"wp:term":[{"taxonomy":"category","embeddable":true,"href":"https:\/\/www.terravana-locations.fr\/blog\/wp-json\/wp\/v2\/categories?post=15"},{"taxonomy":"post_tag","embeddable":true,"href":"https:\/\/www.terravana-locations.fr\/blog\/wp-json\/wp\/v2\/tags?post=15"}],"curies":[{"name":"wp","href":"https:\/\/api.w.org\/{rel}","templated":true}]}}