{"id":16,"date":"2023-05-26T14:06:33","date_gmt":"2023-05-26T14:06:33","guid":{"rendered":"https:\/\/www.terravana-locations.fr\/blog\/?p=16"},"modified":"2023-06-10T16:55:23","modified_gmt":"2023-06-10T16:55:23","slug":"un-village-de-provence","status":"publish","type":"post","link":"https:\/\/www.terravana-locations.fr\/blog\/un-village-de-provence\/","title":{"rendered":"Cotignac, l&rsquo;un des plus beaux villages de France"},"content":{"rendered":"\t\t<div data-elementor-type=\"wp-post\" data-elementor-id=\"16\" class=\"elementor elementor-16\">\n\t\t\t\t\t\t\t\t\t<section class=\"elementor-section elementor-top-section elementor-element elementor-element-e95a2f2 elementor-section-boxed elementor-section-height-default elementor-section-height-default\" data-id=\"e95a2f2\" data-element_type=\"section\">\n\t\t\t\t\t\t<div class=\"elementor-container elementor-column-gap-default\">\n\t\t\t\t\t<div class=\"elementor-column elementor-col-100 elementor-top-column elementor-element elementor-element-edd4f39\" data-id=\"edd4f39\" data-element_type=\"column\">\n\t\t\t<div class=\"elementor-widget-wrap elementor-element-populated\">\n\t\t\t\t\t\t\t\t<div class=\"elementor-element elementor-element-56ecb30 elementor-widget elementor-widget-heading\" data-id=\"56ecb30\" data-element_type=\"widget\" data-widget_type=\"heading.default\">\n\t\t\t\t<div class=\"elementor-widget-container\">\n\t\t\t<style>\/*! elementor - v3.13.3 - 22-05-2023 *\/\n.elementor-heading-title{padding:0;margin:0;line-height:1}.elementor-widget-heading .elementor-heading-title[class*=elementor-size-]>a{color:inherit;font-size:inherit;line-height:inherit}.elementor-widget-heading .elementor-heading-title.elementor-size-small{font-size:15px}.elementor-widget-heading .elementor-heading-title.elementor-size-medium{font-size:19px}.elementor-widget-heading .elementor-heading-title.elementor-size-large{font-size:29px}.elementor-widget-heading .elementor-heading-title.elementor-size-xl{font-size:39px}.elementor-widget-heading .elementor-heading-title.elementor-size-xxl{font-size:59px}<\/style><h2 class=\"elementor-heading-title elementor-size-default\">Cotignac, Village de caract\u00e8re<\/h2>\t\t<\/div>\n\t\t\t\t<\/div>\n\t\t\t\t\t<\/div>\n\t\t<\/div>\n\t\t\t\t\t\t\t<\/div>\n\t\t<\/section>\n\t\t\t\t<section class=\"elementor-section elementor-top-section elementor-element elementor-element-913533b elementor-section-boxed elementor-section-height-default elementor-section-height-default\" data-id=\"913533b\" data-element_type=\"section\">\n\t\t\t\t\t\t<div class=\"elementor-container elementor-column-gap-default\">\n\t\t\t\t\t<div class=\"elementor-column elementor-col-100 elementor-top-column elementor-element elementor-element-0a441a5\" data-id=\"0a441a5\" data-element_type=\"column\">\n\t\t\t<div class=\"elementor-widget-wrap elementor-element-populated\">\n\t\t\t\t\t\t\t\t<div class=\"elementor-element elementor-element-78b521d elementor-widget elementor-widget-text-editor\" data-id=\"78b521d\" data-element_type=\"widget\" data-widget_type=\"text-editor.default\">\n\t\t\t\t<div class=\"elementor-widget-container\">\n\t\t\t<style>\/*! elementor - v3.13.3 - 22-05-2023 *\/\n.elementor-widget-text-editor.elementor-drop-cap-view-stacked .elementor-drop-cap{background-color:#69727d;color:#fff}.elementor-widget-text-editor.elementor-drop-cap-view-framed .elementor-drop-cap{color:#69727d;border:3px solid;background-color:transparent}.elementor-widget-text-editor:not(.elementor-drop-cap-view-default) .elementor-drop-cap{margin-top:8px}.elementor-widget-text-editor:not(.elementor-drop-cap-view-default) .elementor-drop-cap-letter{width:1em;height:1em}.elementor-widget-text-editor .elementor-drop-cap{float:left;text-align:center;line-height:1;font-size:50px}.elementor-widget-text-editor .elementor-drop-cap-letter{display:inline-block}<\/style>\t\t\t\t<p style=\"caret-color: #560308; color: #560308;\">Situ\u00e9 dans le d\u00e9partement du Var, en r\u00e9gion Provence Alpes C\u00f4te d&rsquo;Azur,\u00a0<strong>Cotignac<\/strong>\u00a0dispose d\u2019une situation g\u00e9ographique id\u00e9ale,<span style=\"color: var( --e-global-color-3fef9c9 ); font-family: var( --e-global-typography-text-font-family ), Sans-serif;\">\u00a0entre M\u00e9diterran\u00e9e et Gorges du Verdon.\u00a0<\/span><\/p>\n<p style=\"caret-color: #560308; color: #560308;\"><span style=\"color: var( --e-global-color-3fef9c9 ); font-family: var( --e-global-typography-text-font-family ), Sans-serif;\">Elu Plus Beau Village de France en 2022, Cotignac est un village de caract\u00e8re\u00a0; ses fa\u00e7ades color\u00e9es et ses ruelles sinueuses\u00a0lui conf\u00e8rent ce charme si particulier qui a inspir\u00e9 tant d\u2019artistes.<\/span><\/p>\n\n<div><span style=\"caret-color: #560308; color: #560308; font-size: 18px; font-family: var( --e-global-typography-text-font-family ), Sans-serif;\">Le cours Gambetta est bord\u00e9 de platanes tandis que les magnifiques <a href=\"https:\/\/www.terravana-locations.fr\/blog\/le-rocher-de-cotignac\/\">falaises<\/a>\u00a0<\/span><\/span><span style=\"caret-color: #560308; color: #560308; font-size: 18px; font-family: var( --e-global-typography-text-font-family ), Sans-serif;\">dominent les toitures anciennes.\u00a0<\/span><span style=\"caret-color: #560308; color: #560308; font-size: 18px; font-family: var( --e-global-typography-text-font-family ), Sans-serif;\">De larges cavit\u00e9s dans la roche abritent des maisons troglodytes qu\u2019il est possible de visiter.<\/span><\/div>\n<div><\/div>\t\t\t\t\t\t<\/div>\n\t\t\t\t<\/div>\n\t\t\t\t\t<\/div>\n\t\t<\/div>\n\t\t\t\t\t\t\t<\/div>\n\t\t<\/section>\n\t\t\t\t<section class=\"elementor-section elementor-top-section elementor-element elementor-element-721c1ba3 elementor-section-boxed elementor-section-height-default elementor-section-height-default\" data-id=\"721c1ba3\" data-element_type=\"section\">\n\t\t\t\t\t\t<div class=\"elementor-container elementor-column-gap-default\">\n\t\t\t\t\t<div class=\"elementor-column elementor-col-100 elementor-top-column elementor-element elementor-element-51853eed\" data-id=\"51853eed\" data-element_type=\"column\">\n\t\t\t<div class=\"elementor-widget-wrap elementor-element-populated\">\n\t\t\t\t\t\t\t\t<div class=\"elementor-element elementor-element-20c6897b elementor-widget elementor-widget-text-editor\" data-id=\"20c6897b\" data-element_type=\"widget\" data-settings=\"{&quot;_animation&quot;:&quot;none&quot;}\" data-widget_type=\"text-editor.default\">\n\t\t\t\t<div class=\"elementor-widget-container\">\n\t\t\t\t\t\t\t<p><span style=\"color: var( --e-global-color-3fef9c9 ); font-family: var( --e-global-typography-text-font-family ), Sans-serif;\">Le village offre un grand nombre de magasins vendant des produits frais et locaux,&nbsp;boulangeries, boucherie, poissonnerie, mais aussi galeries et centre d&rsquo;art, antiquit\u00e9s, articles m\u00e9nagers, pharmacie et bien d&rsquo;autres.<\/span><\/p>\n<p>Le mardi est le jour du grand march\u00e9 o\u00f9 vous pouvez acheter toute l&rsquo;ann\u00e9e vos plats traditionnels pr\u00e9f\u00e9r\u00e9s, v\u00eatements, linge de table, savons, paniers, bois d&rsquo;olivier, miel, etc.<\/p>\n<p>Bien s\u00fbr, la r\u00e9gion est bien connue pour sa production de vin ros\u00e9, il y a beaucoup de vignobles et certains sont \u00e9galement pr\u00e9sents sur le march\u00e9.<\/p>\n<p>Au c\u0153ur d\u2019une nature g\u00e9n\u00e9reuse, de nombreux chemins sont accessibles pour la randonn\u00e9e ou le VTT&nbsp;; et \u00e0 quelques minutes en voiture se trouve le site d\u2019escalade du Vallon Sourn.&nbsp;<\/p>\n<p><span style=\"color: var( --e-global-color-3fef9c9 ); font-family: var( --e-global-typography-text-font-family ), Sans-serif;\">Cotignac, c\u2019est aussi un lieu de p\u00e8lerinage r\u00e9put\u00e9&nbsp;: entre le Monast\u00e8re Saint Joseph et le Sanctuaire Notre-Dame de Gr\u00e2ces, la beaut\u00e9 des lieux aspire au recueillement.<\/span><br><\/p>\t\t\t\t\t\t<\/div>\n\t\t\t\t<\/div>\n\t\t\t\t\t<\/div>\n\t\t<\/div>\n\t\t\t\t\t\t\t<\/div>\n\t\t<\/section>\n\t\t\t\t<section class=\"elementor-section elementor-top-section elementor-element elementor-element-7941de4 elementor-section-boxed elementor-section-height-default elementor-section-height-default\" data-id=\"7941de4\" data-element_type=\"section\">\n\t\t\t\t\t\t<div class=\"elementor-container elementor-column-gap-default\">\n\t\t\t\t\t<div class=\"elementor-column elementor-col-100 elementor-top-column elementor-element elementor-element-ff8396f\" data-id=\"ff8396f\" data-element_type=\"column\">\n\t\t\t<div class=\"elementor-widget-wrap elementor-element-populated\">\n\t\t\t\t\t\t\t\t<div class=\"elementor-element elementor-element-62ce30d elementor-widget elementor-widget-image-gallery\" data-id=\"62ce30d\" data-element_type=\"widget\" data-widget_type=\"image-gallery.default\">\n\t\t\t\t<div class=\"elementor-widget-container\">\n\t\t\t<style>\/*! elementor - v3.13.3 - 22-05-2023 *\/\n.elementor-image-gallery .gallery-item{display:inline-block;text-align:center;vertical-align:top;width:100%;max-width:100%;margin:0 auto}.elementor-image-gallery .gallery-item img{margin:0 auto}.elementor-image-gallery .gallery-item .gallery-caption{margin:0}.elementor-image-gallery figure img{display:block}.elementor-image-gallery figure figcaption{width:100%}.gallery-spacing-custom .elementor-image-gallery .gallery-icon{padding:0}@media (min-width:768px){.elementor-image-gallery .gallery-columns-2 .gallery-item{max-width:50%}.elementor-image-gallery .gallery-columns-3 .gallery-item{max-width:33.33%}.elementor-image-gallery .gallery-columns-4 .gallery-item{max-width:25%}.elementor-image-gallery .gallery-columns-5 .gallery-item{max-width:20%}.elementor-image-gallery .gallery-columns-6 .gallery-item{max-width:16.666%}.elementor-image-gallery .gallery-columns-7 .gallery-item{max-width:14.28%}.elementor-image-gallery .gallery-columns-8 .gallery-item{max-width:12.5%}.elementor-image-gallery .gallery-columns-9 .gallery-item{max-width:11.11%}.elementor-image-gallery .gallery-columns-10 .gallery-item{max-width:10%}}@media (min-width:480px) and (max-width:767px){.elementor-image-gallery .gallery.gallery-columns-2 .gallery-item,.elementor-image-gallery .gallery.gallery-columns-3 .gallery-item,.elementor-image-gallery .gallery.gallery-columns-4 .gallery-item,.elementor-image-gallery .gallery.gallery-columns-5 .gallery-item,.elementor-image-gallery .gallery.gallery-columns-6 .gallery-item,.elementor-image-gallery .gallery.gallery-columns-7 .gallery-item,.elementor-image-gallery .gallery.gallery-columns-8 .gallery-item,.elementor-image-gallery .gallery.gallery-columns-9 .gallery-item,.elementor-image-gallery .gallery.gallery-columns-10 .gallery-item{max-width:50%}}@media (max-width:479px){.elementor-image-gallery .gallery.gallery-columns-2 .gallery-item,.elementor-image-gallery .gallery.gallery-columns-3 .gallery-item,.elementor-image-gallery .gallery.gallery-columns-4 .gallery-item,.elementor-image-gallery .gallery.gallery-columns-5 .gallery-item,.elementor-image-gallery .gallery.gallery-columns-6 .gallery-item,.elementor-image-gallery .gallery.gallery-columns-7 .gallery-item,.elementor-image-gallery .gallery.gallery-columns-8 .gallery-item,.elementor-image-gallery .gallery.gallery-columns-9 .gallery-item,.elementor-image-gallery .gallery.gallery-columns-10 .gallery-item{max-width:100%}}<\/style>\t\t<div class=\"elementor-image-gallery\">\n\t\t\t<div id='gallery-1' class='gallery galleryid-16 gallery-columns-4 gallery-size-thumbnail'><figure class='gallery-item'>\n\t\t\t<div class='gallery-icon landscape'>\n\t\t\t\t<a data-elementor-open-lightbox=\"yes\" data-elementor-lightbox-slideshow=\"62ce30d\" data-elementor-lightbox-title=\"Cotignac\" data-elementor-lightbox-description=\"Cotignac, vue g\u00e9n\u00e9rale, son clocher, ses tours, le Bessillon\" data-e-action-hash=\"#elementor-action%3Aaction%3Dlightbox%26settings%3DeyJpZCI6MjcsInVybCI6Imh0dHBzOlwvXC93d3cudGVycmF2YW5hLWxvY2F0aW9ucy5mclwvYmxvZ1wvd3AtY29udGVudFwvdXBsb2Fkc1wvMjAyM1wvMDVcL0NvdGlnbmFjLTEuanBnIiwic2xpZGVzaG93IjoiNjJjZTMwZCJ9\" href='https:\/\/www.terravana-locations.fr\/blog\/wp-content\/uploads\/2023\/05\/Cotignac-1.jpg'><img loading=\"lazy\" decoding=\"async\" width=\"150\" height=\"150\" src=\"https:\/\/www.terravana-locations.fr\/blog\/wp-content\/uploads\/2023\/05\/Cotignac-1-150x150.jpg\" class=\"attachment-thumbnail size-thumbnail\" alt=\"\" aria-describedby=\"gallery-1-27\" srcset=\"https:\/\/www.terravana-locations.fr\/blog\/wp-content\/uploads\/2023\/05\/Cotignac-1-150x150.jpg 150w, https:\/\/www.terravana-locations.fr\/blog\/wp-content\/uploads\/2023\/05\/Cotignac-1-90x90.jpg 90w\" sizes=\"auto, (max-width: 150px) 100vw, 150px\" \/><\/a>\n\t\t\t<\/div>\n\t\t\t\t<figcaption class='wp-caption-text gallery-caption' id='gallery-1-27'>\n\t\t\t\tPlus beaux villages de France\n\t\t\t\t<\/figcaption><\/figure><figure class='gallery-item'>\n\t\t\t<div class='gallery-icon landscape'>\n\t\t\t\t<a data-elementor-open-lightbox=\"yes\" data-elementor-lightbox-slideshow=\"62ce30d\" data-elementor-lightbox-title=\"Cotignac\" data-elementor-lightbox-description=\"Cotignac, vue g\u00e9n\u00e9rale, son clocher, ses tours, le Bessillon\" data-e-action-hash=\"#elementor-action%3Aaction%3Dlightbox%26settings%3DeyJpZCI6NTcsInVybCI6Imh0dHBzOlwvXC93d3cudGVycmF2YW5hLWxvY2F0aW9ucy5mclwvYmxvZ1wvd3AtY29udGVudFwvdXBsb2Fkc1wvMjAyM1wvMDVcL0RpYXBvc2l0aXZlMS1zY2FsZWQuanBlZyIsInNsaWRlc2hvdyI6IjYyY2UzMGQifQ%3D%3D\" href='https:\/\/www.terravana-locations.fr\/blog\/wp-content\/uploads\/2023\/05\/Diapositive1-scaled.jpeg'><img loading=\"lazy\" decoding=\"async\" width=\"150\" height=\"150\" src=\"https:\/\/www.terravana-locations.fr\/blog\/wp-content\/uploads\/2023\/05\/Diapositive1-150x150.jpeg\" class=\"attachment-thumbnail size-thumbnail\" alt=\"\" aria-describedby=\"gallery-1-57\" srcset=\"https:\/\/www.terravana-locations.fr\/blog\/wp-content\/uploads\/2023\/05\/Diapositive1-150x150.jpeg 150w, https:\/\/www.terravana-locations.fr\/blog\/wp-content\/uploads\/2023\/05\/Diapositive1-90x90.jpeg 90w\" sizes=\"auto, (max-width: 150px) 100vw, 150px\" \/><\/a>\n\t\t\t<\/div>\n\t\t\t\t<figcaption class='wp-caption-text gallery-caption' id='gallery-1-57'>\n\t\t\t\tCotignac\n\t\t\t\t<\/figcaption><\/figure><figure class='gallery-item'>\n\t\t\t<div class='gallery-icon landscape'>\n\t\t\t\t<a data-elementor-open-lightbox=\"yes\" data-elementor-lightbox-slideshow=\"62ce30d\" data-elementor-lightbox-title=\"son rocher\" data-elementor-lightbox-description=\"Cotignac, vue g\u00e9n\u00e9rale, son clocher, ses tours, le Bessillon\" data-e-action-hash=\"#elementor-action%3Aaction%3Dlightbox%26settings%3DeyJpZCI6NTMsInVybCI6Imh0dHBzOlwvXC93d3cudGVycmF2YW5hLWxvY2F0aW9ucy5mclwvYmxvZ1wvd3AtY29udGVudFwvdXBsb2Fkc1wvMjAyM1wvMDVcL0RpYXBvc2l0aXZlMi1zY2FsZWQuanBlZyIsInNsaWRlc2hvdyI6IjYyY2UzMGQifQ%3D%3D\" href='https:\/\/www.terravana-locations.fr\/blog\/wp-content\/uploads\/2023\/05\/Diapositive2-scaled.jpeg'><img loading=\"lazy\" decoding=\"async\" width=\"150\" height=\"150\" src=\"https:\/\/www.terravana-locations.fr\/blog\/wp-content\/uploads\/2023\/05\/Diapositive2-150x150.jpeg\" class=\"attachment-thumbnail size-thumbnail\" alt=\"\" aria-describedby=\"gallery-1-53\" srcset=\"https:\/\/www.terravana-locations.fr\/blog\/wp-content\/uploads\/2023\/05\/Diapositive2-150x150.jpeg 150w, https:\/\/www.terravana-locations.fr\/blog\/wp-content\/uploads\/2023\/05\/Diapositive2-90x90.jpeg 90w\" sizes=\"auto, (max-width: 150px) 100vw, 150px\" \/><\/a>\n\t\t\t<\/div>\n\t\t\t\t<figcaption class='wp-caption-text gallery-caption' id='gallery-1-53'>\n\t\t\t\tles tours au clair de lune\n\t\t\t\t<\/figcaption><\/figure><figure class='gallery-item'>\n\t\t\t<div class='gallery-icon landscape'>\n\t\t\t\t<a data-elementor-open-lightbox=\"yes\" data-elementor-lightbox-slideshow=\"62ce30d\" data-elementor-lightbox-title=\"son march\u00e9\" data-elementor-lightbox-description=\"Cotignac, vue g\u00e9n\u00e9rale, son clocher, ses tours, le Bessillon\" data-e-action-hash=\"#elementor-action%3Aaction%3Dlightbox%26settings%3DeyJpZCI6NjUsInVybCI6Imh0dHBzOlwvXC93d3cudGVycmF2YW5hLWxvY2F0aW9ucy5mclwvYmxvZ1wvd3AtY29udGVudFwvdXBsb2Fkc1wvMjAyM1wvMDVcL0RpYXBvc2l0aXZlMy1zY2FsZWQuanBlZyIsInNsaWRlc2hvdyI6IjYyY2UzMGQifQ%3D%3D\" href='https:\/\/www.terravana-locations.fr\/blog\/wp-content\/uploads\/2023\/05\/Diapositive3-scaled.jpeg'><img loading=\"lazy\" decoding=\"async\" width=\"150\" height=\"150\" src=\"https:\/\/www.terravana-locations.fr\/blog\/wp-content\/uploads\/2023\/05\/Diapositive3-150x150.jpeg\" class=\"attachment-thumbnail size-thumbnail\" alt=\"\" aria-describedby=\"gallery-1-65\" srcset=\"https:\/\/www.terravana-locations.fr\/blog\/wp-content\/uploads\/2023\/05\/Diapositive3-150x150.jpeg 150w, https:\/\/www.terravana-locations.fr\/blog\/wp-content\/uploads\/2023\/05\/Diapositive3-90x90.jpeg 90w\" sizes=\"auto, (max-width: 150px) 100vw, 150px\" \/><\/a>\n\t\t\t<\/div>\n\t\t\t\t<figcaption class='wp-caption-text gallery-caption' id='gallery-1-65'>\n\t\t\t\tson march\u00e9\n\t\t\t\t<\/figcaption><\/figure><figure class='gallery-item'>\n\t\t\t<div class='gallery-icon landscape'>\n\t\t\t\t<a data-elementor-open-lightbox=\"yes\" data-elementor-lightbox-slideshow=\"62ce30d\" data-elementor-lightbox-title=\"sa gastronomie\" data-elementor-lightbox-description=\"Cotignac, vue g\u00e9n\u00e9rale, son clocher, ses tours, le Bessillon\" data-e-action-hash=\"#elementor-action%3Aaction%3Dlightbox%26settings%3DeyJpZCI6NjEsInVybCI6Imh0dHBzOlwvXC93d3cudGVycmF2YW5hLWxvY2F0aW9ucy5mclwvYmxvZ1wvd3AtY29udGVudFwvdXBsb2Fkc1wvMjAyM1wvMDVcL0RpYXBvc2l0aXZlNy1zY2FsZWQuanBlZyIsInNsaWRlc2hvdyI6IjYyY2UzMGQifQ%3D%3D\" href='https:\/\/www.terravana-locations.fr\/blog\/wp-content\/uploads\/2023\/05\/Diapositive7-scaled.jpeg'><img loading=\"lazy\" decoding=\"async\" width=\"150\" height=\"150\" src=\"https:\/\/www.terravana-locations.fr\/blog\/wp-content\/uploads\/2023\/05\/Diapositive7-150x150.jpeg\" class=\"attachment-thumbnail size-thumbnail\" alt=\"\" aria-describedby=\"gallery-1-61\" srcset=\"https:\/\/www.terravana-locations.fr\/blog\/wp-content\/uploads\/2023\/05\/Diapositive7-150x150.jpeg 150w, https:\/\/www.terravana-locations.fr\/blog\/wp-content\/uploads\/2023\/05\/Diapositive7-90x90.jpeg 90w\" sizes=\"auto, (max-width: 150px) 100vw, 150px\" \/><\/a>\n\t\t\t<\/div>\n\t\t\t\t<figcaption class='wp-caption-text gallery-caption' id='gallery-1-61'>\n\t\t\t\tsa gastronomie\n\t\t\t\t<\/figcaption><\/figure><figure class='gallery-item'>\n\t\t\t<div class='gallery-icon landscape'>\n\t\t\t\t<a data-elementor-open-lightbox=\"yes\" data-elementor-lightbox-slideshow=\"62ce30d\" data-elementor-lightbox-title=\"son terroir\" data-elementor-lightbox-description=\"Cotignac, vue g\u00e9n\u00e9rale, son clocher, ses tours, le Bessillon\" data-e-action-hash=\"#elementor-action%3Aaction%3Dlightbox%26settings%3DeyJpZCI6NTUsInVybCI6Imh0dHBzOlwvXC93d3cudGVycmF2YW5hLWxvY2F0aW9ucy5mclwvYmxvZ1wvd3AtY29udGVudFwvdXBsb2Fkc1wvMjAyM1wvMDVcL0RpYXBvc2l0aXZlNC1zY2FsZWQuanBlZyIsInNsaWRlc2hvdyI6IjYyY2UzMGQifQ%3D%3D\" href='https:\/\/www.terravana-locations.fr\/blog\/wp-content\/uploads\/2023\/05\/Diapositive4-scaled.jpeg'><img loading=\"lazy\" decoding=\"async\" width=\"150\" height=\"150\" src=\"https:\/\/www.terravana-locations.fr\/blog\/wp-content\/uploads\/2023\/05\/Diapositive4-150x150.jpeg\" class=\"attachment-thumbnail size-thumbnail\" alt=\"\" aria-describedby=\"gallery-1-55\" srcset=\"https:\/\/www.terravana-locations.fr\/blog\/wp-content\/uploads\/2023\/05\/Diapositive4-150x150.jpeg 150w, https:\/\/www.terravana-locations.fr\/blog\/wp-content\/uploads\/2023\/05\/Diapositive4-90x90.jpeg 90w\" sizes=\"auto, (max-width: 150px) 100vw, 150px\" \/><\/a>\n\t\t\t<\/div>\n\t\t\t\t<figcaption class='wp-caption-text gallery-caption' id='gallery-1-55'>\n\t\t\t\tson terroir\n\t\t\t\t<\/figcaption><\/figure><figure class='gallery-item'>\n\t\t\t<div class='gallery-icon landscape'>\n\t\t\t\t<a data-elementor-open-lightbox=\"yes\" data-elementor-lightbox-slideshow=\"62ce30d\" data-elementor-lightbox-title=\"ses activit\u00e9s\" data-elementor-lightbox-description=\"Cotignac, vue g\u00e9n\u00e9rale, son clocher, ses tours, le Bessillon\" data-e-action-hash=\"#elementor-action%3Aaction%3Dlightbox%26settings%3DeyJpZCI6NjMsInVybCI6Imh0dHBzOlwvXC93d3cudGVycmF2YW5hLWxvY2F0aW9ucy5mclwvYmxvZ1wvd3AtY29udGVudFwvdXBsb2Fkc1wvMjAyM1wvMDVcL0RpYXBvc2l0aXZlNi1zY2FsZWQuanBlZyIsInNsaWRlc2hvdyI6IjYyY2UzMGQifQ%3D%3D\" href='https:\/\/www.terravana-locations.fr\/blog\/wp-content\/uploads\/2023\/05\/Diapositive6-scaled.jpeg'><img loading=\"lazy\" decoding=\"async\" width=\"150\" height=\"150\" src=\"https:\/\/www.terravana-locations.fr\/blog\/wp-content\/uploads\/2023\/05\/Diapositive6-150x150.jpeg\" class=\"attachment-thumbnail size-thumbnail\" alt=\"\" aria-describedby=\"gallery-1-63\" srcset=\"https:\/\/www.terravana-locations.fr\/blog\/wp-content\/uploads\/2023\/05\/Diapositive6-150x150.jpeg 150w, https:\/\/www.terravana-locations.fr\/blog\/wp-content\/uploads\/2023\/05\/Diapositive6-90x90.jpeg 90w\" sizes=\"auto, (max-width: 150px) 100vw, 150px\" \/><\/a>\n\t\t\t<\/div>\n\t\t\t\t<figcaption class='wp-caption-text gallery-caption' id='gallery-1-63'>\n\t\t\t\tses activit\u00e9s\n\t\t\t\t<\/figcaption><\/figure><figure class='gallery-item'>\n\t\t\t<div class='gallery-icon landscape'>\n\t\t\t\t<a data-elementor-open-lightbox=\"yes\" data-elementor-lightbox-slideshow=\"62ce30d\" data-elementor-lightbox-title=\"son sanctuaire\" data-elementor-lightbox-description=\"Cotignac, vue g\u00e9n\u00e9rale, son clocher, ses tours, le Bessillon\" data-e-action-hash=\"#elementor-action%3Aaction%3Dlightbox%26settings%3DeyJpZCI6NTEsInVybCI6Imh0dHBzOlwvXC93d3cudGVycmF2YW5hLWxvY2F0aW9ucy5mclwvYmxvZ1wvd3AtY29udGVudFwvdXBsb2Fkc1wvMjAyM1wvMDVcL0RpYXBvc2l0aXZlNS1zY2FsZWQuanBlZyIsInNsaWRlc2hvdyI6IjYyY2UzMGQifQ%3D%3D\" href='https:\/\/www.terravana-locations.fr\/blog\/wp-content\/uploads\/2023\/05\/Diapositive5-scaled.jpeg'><img loading=\"lazy\" decoding=\"async\" width=\"150\" height=\"150\" src=\"https:\/\/www.terravana-locations.fr\/blog\/wp-content\/uploads\/2023\/05\/Diapositive5-150x150.jpeg\" class=\"attachment-thumbnail size-thumbnail\" alt=\"\" aria-describedby=\"gallery-1-51\" srcset=\"https:\/\/www.terravana-locations.fr\/blog\/wp-content\/uploads\/2023\/05\/Diapositive5-150x150.jpeg 150w, https:\/\/www.terravana-locations.fr\/blog\/wp-content\/uploads\/2023\/05\/Diapositive5-90x90.jpeg 90w\" sizes=\"auto, (max-width: 150px) 100vw, 150px\" \/><\/a>\n\t\t\t<\/div>\n\t\t\t\t<figcaption class='wp-caption-text gallery-caption' id='gallery-1-51'>\n\t\t\t\tson sanctuaire \n\t\t\t\t<\/figcaption><\/figure>\n\t\t<\/div>\n\t\t<\/div>\n\t\t\t\t<\/div>\n\t\t\t\t<\/div>\n\t\t\t\t\t<\/div>\n\t\t<\/div>\n\t\t\t\t\t\t\t<\/div>\n\t\t<\/section>\n\t\t\t\t<section class=\"elementor-section elementor-top-section elementor-element elementor-element-7f829fb elementor-section-boxed elementor-section-height-default elementor-section-height-default\" data-id=\"7f829fb\" data-element_type=\"section\">\n\t\t\t\t\t\t<div class=\"elementor-container elementor-column-gap-default\">\n\t\t\t\t\t<div class=\"elementor-column elementor-col-100 elementor-top-column elementor-element elementor-element-69bf77d\" data-id=\"69bf77d\" data-element_type=\"column\">\n\t\t\t<div class=\"elementor-widget-wrap elementor-element-populated\">\n\t\t\t\t\t\t\t\t<div class=\"elementor-element elementor-element-a9660c9 elementor-widget__width-initial elementor-widget elementor-widget-testimonial\" data-id=\"a9660c9\" data-element_type=\"widget\" data-widget_type=\"testimonial.default\">\n\t\t\t\t<div class=\"elementor-widget-container\">\n\t\t\t<style>\/*! elementor - v3.13.3 - 22-05-2023 *\/\n.elementor-testimonial-wrapper{overflow:hidden;text-align:center}.elementor-testimonial-wrapper .elementor-testimonial-content{font-size:1.3em;margin-bottom:20px}.elementor-testimonial-wrapper .elementor-testimonial-name{line-height:1.5;display:block}.elementor-testimonial-wrapper .elementor-testimonial-job{font-size:.85em;display:block}.elementor-testimonial-wrapper .elementor-testimonial-meta{width:100%;line-height:1}.elementor-testimonial-wrapper .elementor-testimonial-meta-inner{display:inline-block}.elementor-testimonial-wrapper .elementor-testimonial-meta .elementor-testimonial-details,.elementor-testimonial-wrapper .elementor-testimonial-meta .elementor-testimonial-image{display:table-cell;vertical-align:middle}.elementor-testimonial-wrapper .elementor-testimonial-meta .elementor-testimonial-image img{width:60px;height:60px;border-radius:50%;-o-object-fit:cover;object-fit:cover;max-width:none}.elementor-testimonial-wrapper .elementor-testimonial-meta.elementor-testimonial-image-position-aside .elementor-testimonial-image{padding-right:15px}.elementor-testimonial-wrapper .elementor-testimonial-meta.elementor-testimonial-image-position-aside .elementor-testimonial-details{text-align:left}.elementor-testimonial-wrapper .elementor-testimonial-meta.elementor-testimonial-image-position-top .elementor-testimonial-details,.elementor-testimonial-wrapper .elementor-testimonial-meta.elementor-testimonial-image-position-top .elementor-testimonial-image{display:block}.elementor-testimonial-wrapper .elementor-testimonial-meta.elementor-testimonial-image-position-top .elementor-testimonial-image{margin-bottom:20px}<\/style>\t\t<div class=\"elementor-testimonial-wrapper\">\n\t\t\t\t\t\t\t<div class=\"elementor-testimonial-content\"><span style=\"caret-color: rgb(122, 122, 122); font-family: &quot;Open Sans&quot;, sans-serif; font-size: 24px; white-space: normal;\">D\u00e9couvrez&nbsp;<\/span><br><span style=\"caret-color: rgb(122, 122, 122); font-family: &quot;Open Sans&quot;, sans-serif; font-size: 24px; white-space: normal;\">votre future maison de vacances&nbsp;<\/span><br><h2 style=\"caret-color: rgb(122, 122, 122); color: rgb(122, 122, 122); white-space: normal;\"><strong>\u21d3<\/strong><span style=\"color: rgb(32, 210, 213); font-family: var( --e-global-typography-text-font-family ), Sans-serif; font-size: 1.3em; font-weight: var( --e-global-typography-text-font-weight ); white-space: pre-wrap;\"><\/span><\/h2><\/div>\n\t\t\t\n\t\t\t\t\t\t<div class=\"elementor-testimonial-meta elementor-has-image elementor-testimonial-image-position-top\">\n\t\t\t\t<div class=\"elementor-testimonial-meta-inner\">\n\t\t\t\t\t\t\t\t\t\t\t<div class=\"elementor-testimonial-image\">\n\t\t\t\t\t\t\t<a href=\"https:\/\/www.terravana-locations.fr\/location\/location-locations-d0\/\" target=\"_blank\"><img loading=\"lazy\" decoding=\"async\" width=\"632\" height=\"430\" src=\"https:\/\/www.terravana-locations.fr\/blog\/wp-content\/uploads\/2023\/05\/Logo-wordpress-632x430.jpg\" class=\"attachment-post size-post wp-image-187\" alt=\"\" \/><\/a>\t\t\t\t\t\t<\/div>\n\t\t\t\t\t\n\t\t\t\t\t\t\t\t\t<\/div>\n\t\t\t<\/div>\n\t\t\t\t\t<\/div>\n\t\t\t\t<\/div>\n\t\t\t\t<\/div>\n\t\t\t\t\t<\/div>\n\t\t<\/div>\n\t\t\t\t\t\t\t<\/div>\n\t\t<\/section>\n\t\t\t\t\t\t\t<\/div>\n\t\t","protected":false},"excerpt":{"rendered":"<p>Situ\u00e9 dans le d\u00e9partement du Var, en r\u00e9gion Provence &#8211; Alpes &#8211; C\u00f4te d&rsquo;Azur, Cotignac dispose d\u2019une localisation g\u00e9ographique id\u00e9ale, \u00e0 mi-chemin entre M\u00e9diterran\u00e9e et Gorges du Verdon. <\/p>\n","protected":false},"author":2,"featured_media":542,"comment_status":"closed","ping_status":"closed","sticky":false,"template":"","format":"standard","meta":{"footnotes":""},"categories":[8],"tags":[15,18,16,17],"class_list":["post-16","post","type-post","status-publish","format-standard","has-post-thumbnail","hentry","category-les-environs","tag-cotignac","tag-provence","tag-provence-verte","tag-verdon"],"yoast_head":"<!-- This site is optimized with the Yoast SEO plugin v20.8 - https:\/\/yoast.com\/wordpress\/plugins\/seo\/ -->\n<title>Cotignac, l&#039;un des plus beaux villages de France - Blog<\/title>\n<meta name=\"description\" content=\"O\u00f9 se trouve Cotignac, Que faire \u00e0 Cotignac, son march\u00e9, ses commerces, O\u00f9 se loger en vacances \u00e0 Cotignac\" \/>\n<meta name=\"robots\" content=\"index, follow, max-snippet:-1, max-image-preview:large, max-video-preview:-1\" \/>\n<link rel=\"canonical\" href=\"https:\/\/www.terravana-locations.fr\/blog\/un-village-de-provence\/\" \/>\n<meta property=\"og:locale\" content=\"fr_FR\" \/>\n<meta property=\"og:type\" content=\"article\" \/>\n<meta property=\"og:title\" content=\"Cotignac, l&#039;un des plus beaux villages de France - Blog\" \/>\n<meta property=\"og:description\" content=\"O\u00f9 se trouve Cotignac, Que faire \u00e0 Cotignac, son march\u00e9, ses commerces, O\u00f9 se loger en vacances \u00e0 Cotignac\" \/>\n<meta property=\"og:url\" content=\"https:\/\/www.terravana-locations.fr\/blog\/un-village-de-provence\/\" \/>\n<meta property=\"og:site_name\" content=\"Blog\" \/>\n<meta property=\"article:author\" content=\"https:\/\/www.facebook.com\/Terravana\" \/>\n<meta property=\"article:published_time\" content=\"2023-05-26T14:06:33+00:00\" \/>\n<meta property=\"article:modified_time\" content=\"2023-06-10T16:55:23+00:00\" \/>\n<meta property=\"og:image\" content=\"https:\/\/www.terravana-locations.fr\/blog\/wp-content\/uploads\/2023\/05\/DSC_0037-scaled.jpeg\" \/>\n\t<meta property=\"og:image:width\" content=\"2560\" \/>\n\t<meta property=\"og:image:height\" content=\"1440\" \/>\n\t<meta property=\"og:image:type\" content=\"image\/jpeg\" \/>\n<meta name=\"author\" content=\"terravana\" \/>\n<meta name=\"twitter:card\" content=\"summary_large_image\" \/>\n<meta name=\"twitter:label1\" content=\"\u00c9crit par\" \/>\n\t<meta name=\"twitter:data1\" content=\"terravana\" \/>\n\t<meta name=\"twitter:label2\" content=\"Dur\u00e9e de lecture estim\u00e9e\" \/>\n\t<meta name=\"twitter:data2\" content=\"4 minutes\" \/>\n<script type=\"application\/ld+json\" class=\"yoast-schema-graph\">{\"@context\":\"https:\/\/schema.org\",\"@graph\":[{\"@type\":[\"WebPage\",\"AboutPage\"],\"@id\":\"https:\/\/www.terravana-locations.fr\/blog\/un-village-de-provence\/\",\"url\":\"https:\/\/www.terravana-locations.fr\/blog\/un-village-de-provence\/\",\"name\":\"Cotignac, l'un des plus beaux villages de France - Blog\",\"isPartOf\":{\"@id\":\"https:\/\/www.terravana-locations.fr\/blog\/#website\"},\"datePublished\":\"2023-05-26T14:06:33+00:00\",\"dateModified\":\"2023-06-10T16:55:23+00:00\",\"author\":{\"@id\":\"https:\/\/www.terravana-locations.fr\/blog\/#\/schema\/person\/b050c3248a1a6f8f396367e2ba60f1e4\"},\"description\":\"O\u00f9 se trouve Cotignac, Que faire \u00e0 Cotignac, son march\u00e9, ses commerces, O\u00f9 se loger en vacances \u00e0 Cotignac\",\"breadcrumb\":{\"@id\":\"https:\/\/www.terravana-locations.fr\/blog\/un-village-de-provence\/#breadcrumb\"},\"inLanguage\":\"fr-FR\",\"potentialAction\":[{\"@type\":\"ReadAction\",\"target\":[\"https:\/\/www.terravana-locations.fr\/blog\/un-village-de-provence\/\"]}]},{\"@type\":\"BreadcrumbList\",\"@id\":\"https:\/\/www.terravana-locations.fr\/blog\/un-village-de-provence\/#breadcrumb\",\"itemListElement\":[{\"@type\":\"ListItem\",\"position\":1,\"name\":\"Accueil\",\"item\":\"https:\/\/www.terravana-locations.fr\/blog\/\"},{\"@type\":\"ListItem\",\"position\":2,\"name\":\"Cotignac, l&rsquo;un des plus beaux villages de France\"}]},{\"@type\":\"WebSite\",\"@id\":\"https:\/\/www.terravana-locations.fr\/blog\/#website\",\"url\":\"https:\/\/www.terravana-locations.fr\/blog\/\",\"name\":\"Blog\",\"description\":\"Terravana\",\"potentialAction\":[{\"@type\":\"SearchAction\",\"target\":{\"@type\":\"EntryPoint\",\"urlTemplate\":\"https:\/\/www.terravana-locations.fr\/blog\/?s={search_term_string}\"},\"query-input\":\"required name=search_term_string\"}],\"inLanguage\":\"fr-FR\"},{\"@type\":\"Person\",\"@id\":\"https:\/\/www.terravana-locations.fr\/blog\/#\/schema\/person\/b050c3248a1a6f8f396367e2ba60f1e4\",\"name\":\"terravana\",\"image\":{\"@type\":\"ImageObject\",\"inLanguage\":\"fr-FR\",\"@id\":\"https:\/\/www.terravana-locations.fr\/blog\/#\/schema\/person\/image\/\",\"url\":\"https:\/\/secure.gravatar.com\/avatar\/c31a419465d30aea2e48805dc95773d860227be12cab658c763a0a65c867ce59?s=96&d=mm&r=g\",\"contentUrl\":\"https:\/\/secure.gravatar.com\/avatar\/c31a419465d30aea2e48805dc95773d860227be12cab658c763a0a65c867ce59?s=96&d=mm&r=g\",\"caption\":\"terravana\"},\"description\":\"Terravana, sp\u00e9cialiste du tourisme en Provence, \u00e0 votre service depuis 2012\",\"sameAs\":[\"http:\/\/www.terravana-location.fr\",\"https:\/\/www.facebook.com\/Terravana\",\"https:\/\/www.instagram.com\/terravana83\/\"],\"url\":\"https:\/\/www.terravana-locations.fr\/blog\/author\/terravana\/\"}]}<\/script>\n<!-- \/ Yoast SEO plugin. -->","yoast_head_json":{"title":"Cotignac, l'un des plus beaux villages de France - Blog","description":"O\u00f9 se trouve Cotignac, Que faire \u00e0 Cotignac, son march\u00e9, ses commerces, O\u00f9 se loger en vacances \u00e0 Cotignac","robots":{"index":"index","follow":"follow","max-snippet":"max-snippet:-1","max-image-preview":"max-image-preview:large","max-video-preview":"max-video-preview:-1"},"canonical":"https:\/\/www.terravana-locations.fr\/blog\/un-village-de-provence\/","og_locale":"fr_FR","og_type":"article","og_title":"Cotignac, l'un des plus beaux villages de France - Blog","og_description":"O\u00f9 se trouve Cotignac, Que faire \u00e0 Cotignac, son march\u00e9, ses commerces, O\u00f9 se loger en vacances \u00e0 Cotignac","og_url":"https:\/\/www.terravana-locations.fr\/blog\/un-village-de-provence\/","og_site_name":"Blog","article_author":"https:\/\/www.facebook.com\/Terravana","article_published_time":"2023-05-26T14:06:33+00:00","article_modified_time":"2023-06-10T16:55:23+00:00","og_image":[{"width":2560,"height":1440,"url":"https:\/\/www.terravana-locations.fr\/blog\/wp-content\/uploads\/2023\/05\/DSC_0037-scaled.jpeg","type":"image\/jpeg"}],"author":"terravana","twitter_card":"summary_large_image","twitter_misc":{"\u00c9crit par":"terravana","Dur\u00e9e de lecture estim\u00e9e":"4 minutes"},"schema":{"@context":"https:\/\/schema.org","@graph":[{"@type":["WebPage","AboutPage"],"@id":"https:\/\/www.terravana-locations.fr\/blog\/un-village-de-provence\/","url":"https:\/\/www.terravana-locations.fr\/blog\/un-village-de-provence\/","name":"Cotignac, l'un des plus beaux villages de France - Blog","isPartOf":{"@id":"https:\/\/www.terravana-locations.fr\/blog\/#website"},"datePublished":"2023-05-26T14:06:33+00:00","dateModified":"2023-06-10T16:55:23+00:00","author":{"@id":"https:\/\/www.terravana-locations.fr\/blog\/#\/schema\/person\/b050c3248a1a6f8f396367e2ba60f1e4"},"description":"O\u00f9 se trouve Cotignac, Que faire \u00e0 Cotignac, son march\u00e9, ses commerces, O\u00f9 se loger en vacances \u00e0 Cotignac","breadcrumb":{"@id":"https:\/\/www.terravana-locations.fr\/blog\/un-village-de-provence\/#breadcrumb"},"inLanguage":"fr-FR","potentialAction":[{"@type":"ReadAction","target":["https:\/\/www.terravana-locations.fr\/blog\/un-village-de-provence\/"]}]},{"@type":"BreadcrumbList","@id":"https:\/\/www.terravana-locations.fr\/blog\/un-village-de-provence\/#breadcrumb","itemListElement":[{"@type":"ListItem","position":1,"name":"Accueil","item":"https:\/\/www.terravana-locations.fr\/blog\/"},{"@type":"ListItem","position":2,"name":"Cotignac, l&rsquo;un des plus beaux villages de France"}]},{"@type":"WebSite","@id":"https:\/\/www.terravana-locations.fr\/blog\/#website","url":"https:\/\/www.terravana-locations.fr\/blog\/","name":"Blog","description":"Terravana","potentialAction":[{"@type":"SearchAction","target":{"@type":"EntryPoint","urlTemplate":"https:\/\/www.terravana-locations.fr\/blog\/?s={search_term_string}"},"query-input":"required name=search_term_string"}],"inLanguage":"fr-FR"},{"@type":"Person","@id":"https:\/\/www.terravana-locations.fr\/blog\/#\/schema\/person\/b050c3248a1a6f8f396367e2ba60f1e4","name":"terravana","image":{"@type":"ImageObject","inLanguage":"fr-FR","@id":"https:\/\/www.terravana-locations.fr\/blog\/#\/schema\/person\/image\/","url":"https:\/\/secure.gravatar.com\/avatar\/c31a419465d30aea2e48805dc95773d860227be12cab658c763a0a65c867ce59?s=96&d=mm&r=g","contentUrl":"https:\/\/secure.gravatar.com\/avatar\/c31a419465d30aea2e48805dc95773d860227be12cab658c763a0a65c867ce59?s=96&d=mm&r=g","caption":"terravana"},"description":"Terravana, sp\u00e9cialiste du tourisme en Provence, \u00e0 votre service depuis 2012","sameAs":["http:\/\/www.terravana-location.fr","https:\/\/www.facebook.com\/Terravana","https:\/\/www.instagram.com\/terravana83\/"],"url":"https:\/\/www.terravana-locations.fr\/blog\/author\/terravana\/"}]}},"_links":{"self":[{"href":"https:\/\/www.terravana-locations.fr\/blog\/wp-json\/wp\/v2\/posts\/16","targetHints":{"allow":["GET"]}}],"collection":[{"href":"https:\/\/www.terravana-locations.fr\/blog\/wp-json\/wp\/v2\/posts"}],"about":[{"href":"https:\/\/www.terravana-locations.fr\/blog\/wp-json\/wp\/v2\/types\/post"}],"author":[{"embeddable":true,"href":"https:\/\/www.terravana-locations.fr\/blog\/wp-json\/wp\/v2\/users\/2"}],"replies":[{"embeddable":true,"href":"https:\/\/www.terravana-locations.fr\/blog\/wp-json\/wp\/v2\/comments?post=16"}],"version-history":[{"count":102,"href":"https:\/\/www.terravana-locations.fr\/blog\/wp-json\/wp\/v2\/posts\/16\/revisions"}],"predecessor-version":[{"id":671,"href":"https:\/\/www.terravana-locations.fr\/blog\/wp-json\/wp\/v2\/posts\/16\/revisions\/671"}],"wp:featuredmedia":[{"embeddable":true,"href":"https:\/\/www.terravana-locations.fr\/blog\/wp-json\/wp\/v2\/media\/542"}],"wp:attachment":[{"href":"https:\/\/www.terravana-locations.fr\/blog\/wp-json\/wp\/v2\/media?parent=16"}],"wp:term":[{"taxonomy":"category","embeddable":true,"href":"https:\/\/www.terravana-locations.fr\/blog\/wp-json\/wp\/v2\/categories?post=16"},{"taxonomy":"post_tag","embeddable":true,"href":"https:\/\/www.terravana-locations.fr\/blog\/wp-json\/wp\/v2\/tags?post=16"}],"curies":[{"name":"wp","href":"https:\/\/api.w.org\/{rel}","templated":true}]}}