{"id":250,"date":"2023-05-26T20:54:31","date_gmt":"2023-05-26T20:54:31","guid":{"rendered":"https:\/\/www.terravana-locations.fr\/blog\/?p=250"},"modified":"2023-11-06T09:37:08","modified_gmt":"2023-11-06T09:37:08","slug":"le-rocher-de-cotignac","status":"publish","type":"post","link":"https:\/\/www.terravana-locations.fr\/blog\/le-rocher-de-cotignac\/","title":{"rendered":"Le Rocher de Cotignac"},"content":{"rendered":"\t\t<div data-elementor-type=\"wp-post\" data-elementor-id=\"250\" class=\"elementor elementor-250\">\n\t\t\t\t\t\t\t\t\t<section class=\"elementor-section elementor-top-section elementor-element elementor-element-d42796b elementor-section-boxed elementor-section-height-default elementor-section-height-default\" data-id=\"d42796b\" data-element_type=\"section\">\n\t\t\t\t\t\t<div class=\"elementor-container elementor-column-gap-default\">\n\t\t\t\t\t<div class=\"elementor-column elementor-col-100 elementor-top-column elementor-element elementor-element-b785d77\" data-id=\"b785d77\" data-element_type=\"column\">\n\t\t\t<div class=\"elementor-widget-wrap elementor-element-populated\">\n\t\t\t\t\t\t\t\t<div class=\"elementor-element elementor-element-8390ae0 elementor-widget elementor-widget-heading\" data-id=\"8390ae0\" data-element_type=\"widget\" data-widget_type=\"heading.default\">\n\t\t\t\t<div class=\"elementor-widget-container\">\n\t\t\t<style>\/*! elementor - v3.13.3 - 22-05-2023 *\/\n.elementor-heading-title{padding:0;margin:0;line-height:1}.elementor-widget-heading .elementor-heading-title[class*=elementor-size-]>a{color:inherit;font-size:inherit;line-height:inherit}.elementor-widget-heading .elementor-heading-title.elementor-size-small{font-size:15px}.elementor-widget-heading .elementor-heading-title.elementor-size-medium{font-size:19px}.elementor-widget-heading .elementor-heading-title.elementor-size-large{font-size:29px}.elementor-widget-heading .elementor-heading-title.elementor-size-xl{font-size:39px}.elementor-widget-heading .elementor-heading-title.elementor-size-xxl{font-size:59px}<\/style><h2 class=\"elementor-heading-title elementor-size-default\">Le Rocher de Cotignac<\/h2>\t\t<\/div>\n\t\t\t\t<\/div>\n\t\t\t\t\t<\/div>\n\t\t<\/div>\n\t\t\t\t\t\t\t<\/div>\n\t\t<\/section>\n\t\t\t\t<section class=\"elementor-section elementor-top-section elementor-element elementor-element-cd7cab4 elementor-section-boxed elementor-section-height-default elementor-section-height-default\" data-id=\"cd7cab4\" data-element_type=\"section\">\n\t\t\t\t\t\t<div class=\"elementor-container elementor-column-gap-default\">\n\t\t\t\t\t<div class=\"elementor-column elementor-col-100 elementor-top-column elementor-element elementor-element-44e69f1\" data-id=\"44e69f1\" data-element_type=\"column\">\n\t\t\t<div class=\"elementor-widget-wrap elementor-element-populated\">\n\t\t\t\t\t\t\t\t<div class=\"elementor-element elementor-element-8163e34 elementor-widget elementor-widget-text-editor\" data-id=\"8163e34\" data-element_type=\"widget\" data-widget_type=\"text-editor.default\">\n\t\t\t\t<div class=\"elementor-widget-container\">\n\t\t\t<style>\/*! elementor - v3.13.3 - 22-05-2023 *\/\n.elementor-widget-text-editor.elementor-drop-cap-view-stacked .elementor-drop-cap{background-color:#69727d;color:#fff}.elementor-widget-text-editor.elementor-drop-cap-view-framed .elementor-drop-cap{color:#69727d;border:3px solid;background-color:transparent}.elementor-widget-text-editor:not(.elementor-drop-cap-view-default) .elementor-drop-cap{margin-top:8px}.elementor-widget-text-editor:not(.elementor-drop-cap-view-default) .elementor-drop-cap-letter{width:1em;height:1em}.elementor-widget-text-editor .elementor-drop-cap{float:left;text-align:center;line-height:1;font-size:50px}.elementor-widget-text-editor .elementor-drop-cap-letter{display:inline-block}<\/style>\t\t\t\t<div><p><span style=\"caret-color: #560308; color: #560308; font-size: 18px; font-family: var( --e-global-typography-text-font-family ), Sans-serif;\">Cette majestueuse falaise appel\u00e9e \u00ab\u00a0Le Rocher\u00a0\u00bb fait partie du patrimoine historique et affectif de Cotignac.\u00a0De ceux qui d\u00e9cidaient de quitter le village, nos a\u00efeux avaient l\u2019habitude de dire \u201cacqu\u00e9u veira plus la Roco, \u00e9 sera mal\u00e9rous (celui-l\u00e0 ne verra plus la roche, et il sera malheureux<\/span><\/p><div><p><span style=\"caret-color: #560308; color: #560308; font-size: 18px; font-family: var( --e-global-typography-text-font-family ), Sans-serif;\">La falaise, haute d\u2019environ 80m et longue de 400m, est l\u2019oeuvre naturelle de la rivi\u00e8re la Cassole qui fut \u00e0 l\u2019origine\u00a0de cette formation g\u00e9ologique compos\u00e9e de d\u00e9p\u00f4ts calcaires accumul\u00e9s au fil du temps. Le processus de formation commence lorsque l&rsquo;eau riche en min\u00e9raux s&rsquo;\u00e9coule lentement sur des surfaces rocheuses ou v\u00e9g\u00e9tales. Au fur et \u00e0 mesure que l&rsquo;eau s&rsquo;\u00e9vapore, les min\u00e9raux contenus dans l&rsquo;eau se d\u00e9posent et se cristallisent, formant ainsi des couches de tuf.<\/span><\/p><div><p><span style=\"caret-color: #560308; color: #560308; font-size: 18px; font-family: var( --e-global-typography-text-font-family ), Sans-serif;\">Les surplombs ainsi cr\u00e9\u00e9s sont \u00e0 l\u2019origine de nos grottes habill\u00e9es par la suite de stalagmites, stalactites et colonnes gr\u00e2ce aux infiltrations du cours d\u2019eau.<\/span><\/p><div><p><span style=\"caret-color: #560308; color: #560308; font-size: 18px; font-family: var( --e-global-typography-text-font-family ), Sans-serif;\">Ces abris naturels servirent de refuge aux quelques familles qui s\u2019\u00e9taient \u00e9tablies aux abords de la source Saint Martin, pour se pr\u00e9server des invasions.<\/span><\/p><div><p><span style=\"caret-color: #560308; color: #560308; font-size: 18px; font-family: var( --e-global-typography-text-font-family ), Sans-serif;\">Gr\u00e2ce au travail acharn\u00e9 de nos anciens, la rivi\u00e8re a \u00e9t\u00e9 d\u00e9tourn\u00e9e et c\u2019est aux alentours du 8e si\u00e8cle que l\u2019on \u00e9difia le ch\u00e2teau f\u00e9odal aujourd\u2019hui totalement d\u00e9truit.<\/span><\/p><div><div style=\"caret-color: #7a7a7a; color: #7a7a7a; font-size: 14px;\"><span style=\"color: #560308; font-family: var( --e-global-typography-text-font-family ), Sans-serif; caret-color: #560308; font-size: 18px;\">Le nouveau village de\u00a0<a href=\"https:\/\/www.terravana-locations.fr\/blog\/un-village-de-provence\/\" rel=\"noopener\">Cotignac<\/a><span style=\"font-family: var( --e-global-typography-text-font-family ), Sans-serif;\">\u00a0a pu \u00eatre \u00e9rig\u00e9 \u00e0 l\u2019abri du vent du Nord, au pied du Rocher que l\u2019on garn\u00eet quand m\u00eame de postes d\u2019observation : les tours.<\/span><\/span><\/div><\/div><\/div><\/div><\/div><\/div><\/div>\t\t\t\t\t\t<\/div>\n\t\t\t\t<\/div>\n\t\t\t\t\t<\/div>\n\t\t<\/div>\n\t\t\t\t\t\t\t<\/div>\n\t\t<\/section>\n\t\t\t\t<section class=\"elementor-section elementor-top-section elementor-element elementor-element-772ea70 elementor-section-boxed elementor-section-height-default elementor-section-height-default\" data-id=\"772ea70\" data-element_type=\"section\">\n\t\t\t\t\t\t<div class=\"elementor-container elementor-column-gap-default\">\n\t\t\t\t\t<div class=\"elementor-column elementor-col-100 elementor-top-column elementor-element elementor-element-502a063\" data-id=\"502a063\" data-element_type=\"column\">\n\t\t\t<div class=\"elementor-widget-wrap elementor-element-populated\">\n\t\t\t\t\t\t\t\t<div class=\"elementor-element elementor-element-09aaf92 elementor-widget elementor-widget-image-gallery\" data-id=\"09aaf92\" data-element_type=\"widget\" data-widget_type=\"image-gallery.default\">\n\t\t\t\t<div class=\"elementor-widget-container\">\n\t\t\t<style>\/*! elementor - v3.13.3 - 22-05-2023 *\/\n.elementor-image-gallery .gallery-item{display:inline-block;text-align:center;vertical-align:top;width:100%;max-width:100%;margin:0 auto}.elementor-image-gallery .gallery-item img{margin:0 auto}.elementor-image-gallery .gallery-item .gallery-caption{margin:0}.elementor-image-gallery figure img{display:block}.elementor-image-gallery figure figcaption{width:100%}.gallery-spacing-custom .elementor-image-gallery .gallery-icon{padding:0}@media (min-width:768px){.elementor-image-gallery .gallery-columns-2 .gallery-item{max-width:50%}.elementor-image-gallery .gallery-columns-3 .gallery-item{max-width:33.33%}.elementor-image-gallery .gallery-columns-4 .gallery-item{max-width:25%}.elementor-image-gallery .gallery-columns-5 .gallery-item{max-width:20%}.elementor-image-gallery .gallery-columns-6 .gallery-item{max-width:16.666%}.elementor-image-gallery .gallery-columns-7 .gallery-item{max-width:14.28%}.elementor-image-gallery .gallery-columns-8 .gallery-item{max-width:12.5%}.elementor-image-gallery .gallery-columns-9 .gallery-item{max-width:11.11%}.elementor-image-gallery .gallery-columns-10 .gallery-item{max-width:10%}}@media (min-width:480px) and (max-width:767px){.elementor-image-gallery .gallery.gallery-columns-2 .gallery-item,.elementor-image-gallery .gallery.gallery-columns-3 .gallery-item,.elementor-image-gallery .gallery.gallery-columns-4 .gallery-item,.elementor-image-gallery .gallery.gallery-columns-5 .gallery-item,.elementor-image-gallery .gallery.gallery-columns-6 .gallery-item,.elementor-image-gallery .gallery.gallery-columns-7 .gallery-item,.elementor-image-gallery .gallery.gallery-columns-8 .gallery-item,.elementor-image-gallery .gallery.gallery-columns-9 .gallery-item,.elementor-image-gallery .gallery.gallery-columns-10 .gallery-item{max-width:50%}}@media (max-width:479px){.elementor-image-gallery .gallery.gallery-columns-2 .gallery-item,.elementor-image-gallery .gallery.gallery-columns-3 .gallery-item,.elementor-image-gallery .gallery.gallery-columns-4 .gallery-item,.elementor-image-gallery .gallery.gallery-columns-5 .gallery-item,.elementor-image-gallery .gallery.gallery-columns-6 .gallery-item,.elementor-image-gallery .gallery.gallery-columns-7 .gallery-item,.elementor-image-gallery .gallery.gallery-columns-8 .gallery-item,.elementor-image-gallery .gallery.gallery-columns-9 .gallery-item,.elementor-image-gallery .gallery.gallery-columns-10 .gallery-item{max-width:100%}}<\/style>\t\t<div class=\"elementor-image-gallery\">\n\t\t\t<div id='gallery-1' class='gallery galleryid-250 gallery-columns-4 gallery-size-thumbnail'><figure class='gallery-item'>\n\t\t\t<div class='gallery-icon landscape'>\n\t\t\t\t<a data-elementor-open-lightbox=\"yes\" data-elementor-lightbox-slideshow=\"09aaf92\" data-elementor-lightbox-title=\"Habitat troglodyte\" data-e-action-hash=\"#elementor-action%3Aaction%3Dlightbox%26settings%3DeyJpZCI6MjcxLCJ1cmwiOiJodHRwczpcL1wvd3d3LnRlcnJhdmFuYS1sb2NhdGlvbnMuZnJcL2Jsb2dcL3dwLWNvbnRlbnRcL3VwbG9hZHNcLzIwMjNcLzA1XC9DYXB0dXJlLWRlY3Jhbi0yMDE3LTA0LTA4LWEtMDguMDcuMjEucG5nIiwic2xpZGVzaG93IjoiMDlhYWY5MiJ9\" href='https:\/\/www.terravana-locations.fr\/blog\/wp-content\/uploads\/2023\/05\/Capture-decran-2017-04-08-a-08.07.21.png'><img loading=\"lazy\" decoding=\"async\" width=\"150\" height=\"150\" src=\"https:\/\/www.terravana-locations.fr\/blog\/wp-content\/uploads\/2023\/05\/Capture-decran-2017-04-08-a-08.07.21-150x150.png\" class=\"attachment-thumbnail size-thumbnail\" alt=\"\" aria-describedby=\"gallery-1-271\" srcset=\"https:\/\/www.terravana-locations.fr\/blog\/wp-content\/uploads\/2023\/05\/Capture-decran-2017-04-08-a-08.07.21-150x150.png 150w, https:\/\/www.terravana-locations.fr\/blog\/wp-content\/uploads\/2023\/05\/Capture-decran-2017-04-08-a-08.07.21-90x90.png 90w\" sizes=\"auto, (max-width: 150px) 100vw, 150px\" \/><\/a>\n\t\t\t<\/div>\n\t\t\t\t<figcaption class='wp-caption-text gallery-caption' id='gallery-1-271'>\n\t\t\t\thabitat troglodyte\n\t\t\t\t<\/figcaption><\/figure><figure class='gallery-item'>\n\t\t\t<div class='gallery-icon landscape'>\n\t\t\t\t<a data-elementor-open-lightbox=\"yes\" data-elementor-lightbox-slideshow=\"09aaf92\" data-elementor-lightbox-title=\"vue g\u00e9n\u00e9rale du rocher\" data-e-action-hash=\"#elementor-action%3Aaction%3Dlightbox%26settings%3DeyJpZCI6MjY3LCJ1cmwiOiJodHRwczpcL1wvd3d3LnRlcnJhdmFuYS1sb2NhdGlvbnMuZnJcL2Jsb2dcL3dwLWNvbnRlbnRcL3VwbG9hZHNcLzIwMjNcLzA1XC9EU0NfMDA5NS1zY2FsZWQuanBnIiwic2xpZGVzaG93IjoiMDlhYWY5MiJ9\" href='https:\/\/www.terravana-locations.fr\/blog\/wp-content\/uploads\/2023\/05\/DSC_0095-scaled.jpg'><img loading=\"lazy\" decoding=\"async\" width=\"150\" height=\"150\" src=\"https:\/\/www.terravana-locations.fr\/blog\/wp-content\/uploads\/2023\/05\/DSC_0095-150x150.jpg\" class=\"attachment-thumbnail size-thumbnail\" alt=\"\" aria-describedby=\"gallery-1-267\" srcset=\"https:\/\/www.terravana-locations.fr\/blog\/wp-content\/uploads\/2023\/05\/DSC_0095-150x150.jpg 150w, https:\/\/www.terravana-locations.fr\/blog\/wp-content\/uploads\/2023\/05\/DSC_0095-90x90.jpg 90w\" sizes=\"auto, (max-width: 150px) 100vw, 150px\" \/><\/a>\n\t\t\t<\/div>\n\t\t\t\t<figcaption class='wp-caption-text gallery-caption' id='gallery-1-267'>\n\t\t\t\tvue d&rsquo;ensemble sur le rocher\n\t\t\t\t<\/figcaption><\/figure><figure class='gallery-item'>\n\t\t\t<div class='gallery-icon landscape'>\n\t\t\t\t<a data-elementor-open-lightbox=\"yes\" data-elementor-lightbox-slideshow=\"09aaf92\" data-elementor-lightbox-title=\"son rocher\" data-e-action-hash=\"#elementor-action%3Aaction%3Dlightbox%26settings%3DeyJpZCI6NTMsInVybCI6Imh0dHBzOlwvXC93d3cudGVycmF2YW5hLWxvY2F0aW9ucy5mclwvYmxvZ1wvd3AtY29udGVudFwvdXBsb2Fkc1wvMjAyM1wvMDVcL0RpYXBvc2l0aXZlMi1zY2FsZWQuanBlZyIsInNsaWRlc2hvdyI6IjA5YWFmOTIifQ%3D%3D\" href='https:\/\/www.terravana-locations.fr\/blog\/wp-content\/uploads\/2023\/05\/Diapositive2-scaled.jpeg'><img loading=\"lazy\" decoding=\"async\" width=\"150\" height=\"150\" src=\"https:\/\/www.terravana-locations.fr\/blog\/wp-content\/uploads\/2023\/05\/Diapositive2-150x150.jpeg\" class=\"attachment-thumbnail size-thumbnail\" alt=\"\" aria-describedby=\"gallery-1-53\" srcset=\"https:\/\/www.terravana-locations.fr\/blog\/wp-content\/uploads\/2023\/05\/Diapositive2-150x150.jpeg 150w, https:\/\/www.terravana-locations.fr\/blog\/wp-content\/uploads\/2023\/05\/Diapositive2-90x90.jpeg 90w\" sizes=\"auto, (max-width: 150px) 100vw, 150px\" \/><\/a>\n\t\t\t<\/div>\n\t\t\t\t<figcaption class='wp-caption-text gallery-caption' id='gallery-1-53'>\n\t\t\t\tles tours au clair de lune\n\t\t\t\t<\/figcaption><\/figure><figure class='gallery-item'>\n\t\t\t<div class='gallery-icon landscape'>\n\t\t\t\t<a data-elementor-open-lightbox=\"yes\" data-elementor-lightbox-slideshow=\"09aaf92\" data-elementor-lightbox-title=\"une tour de guet\" data-e-action-hash=\"#elementor-action%3Aaction%3Dlightbox%26settings%3DeyJpZCI6MjY5LCJ1cmwiOiJodHRwczpcL1wvd3d3LnRlcnJhdmFuYS1sb2NhdGlvbnMuZnJcL2Jsb2dcL3dwLWNvbnRlbnRcL3VwbG9hZHNcLzIwMjNcLzA1XC9EU0NfMDEzNC1zY2FsZWQuanBnIiwic2xpZGVzaG93IjoiMDlhYWY5MiJ9\" href='https:\/\/www.terravana-locations.fr\/blog\/wp-content\/uploads\/2023\/05\/DSC_0134-scaled.jpg'><img loading=\"lazy\" decoding=\"async\" width=\"150\" height=\"150\" src=\"https:\/\/www.terravana-locations.fr\/blog\/wp-content\/uploads\/2023\/05\/DSC_0134-150x150.jpg\" class=\"attachment-thumbnail size-thumbnail\" alt=\"\" aria-describedby=\"gallery-1-269\" srcset=\"https:\/\/www.terravana-locations.fr\/blog\/wp-content\/uploads\/2023\/05\/DSC_0134-150x150.jpg 150w, https:\/\/www.terravana-locations.fr\/blog\/wp-content\/uploads\/2023\/05\/DSC_0134-90x90.jpg 90w\" sizes=\"auto, (max-width: 150px) 100vw, 150px\" \/><\/a>\n\t\t\t<\/div>\n\t\t\t\t<figcaption class='wp-caption-text gallery-caption' id='gallery-1-269'>\n\t\t\t\ttour de guet\n\t\t\t\t<\/figcaption><\/figure>\n\t\t<\/div>\n\t\t<\/div>\n\t\t\t\t<\/div>\n\t\t\t\t<\/div>\n\t\t\t\t\t<\/div>\n\t\t<\/div>\n\t\t\t\t\t\t\t<\/div>\n\t\t<\/section>\n\t\t\t\t<section class=\"elementor-section elementor-top-section elementor-element elementor-element-c7d1f0d elementor-section-boxed elementor-section-height-default elementor-section-height-default\" data-id=\"c7d1f0d\" data-element_type=\"section\">\n\t\t\t\t\t\t<div class=\"elementor-container elementor-column-gap-default\">\n\t\t\t\t\t<div class=\"elementor-column elementor-col-100 elementor-top-column elementor-element elementor-element-c2727f1\" data-id=\"c2727f1\" data-element_type=\"column\">\n\t\t\t<div class=\"elementor-widget-wrap elementor-element-populated\">\n\t\t\t\t\t\t\t\t<div class=\"elementor-element elementor-element-5cf1047 elementor-widget__width-initial elementor-widget elementor-widget-testimonial\" data-id=\"5cf1047\" data-element_type=\"widget\" data-widget_type=\"testimonial.default\">\n\t\t\t\t<div class=\"elementor-widget-container\">\n\t\t\t<style>\/*! elementor - v3.13.3 - 22-05-2023 *\/\n.elementor-testimonial-wrapper{overflow:hidden;text-align:center}.elementor-testimonial-wrapper .elementor-testimonial-content{font-size:1.3em;margin-bottom:20px}.elementor-testimonial-wrapper .elementor-testimonial-name{line-height:1.5;display:block}.elementor-testimonial-wrapper .elementor-testimonial-job{font-size:.85em;display:block}.elementor-testimonial-wrapper .elementor-testimonial-meta{width:100%;line-height:1}.elementor-testimonial-wrapper .elementor-testimonial-meta-inner{display:inline-block}.elementor-testimonial-wrapper .elementor-testimonial-meta .elementor-testimonial-details,.elementor-testimonial-wrapper .elementor-testimonial-meta .elementor-testimonial-image{display:table-cell;vertical-align:middle}.elementor-testimonial-wrapper .elementor-testimonial-meta .elementor-testimonial-image img{width:60px;height:60px;border-radius:50%;-o-object-fit:cover;object-fit:cover;max-width:none}.elementor-testimonial-wrapper .elementor-testimonial-meta.elementor-testimonial-image-position-aside .elementor-testimonial-image{padding-right:15px}.elementor-testimonial-wrapper .elementor-testimonial-meta.elementor-testimonial-image-position-aside .elementor-testimonial-details{text-align:left}.elementor-testimonial-wrapper .elementor-testimonial-meta.elementor-testimonial-image-position-top .elementor-testimonial-details,.elementor-testimonial-wrapper .elementor-testimonial-meta.elementor-testimonial-image-position-top .elementor-testimonial-image{display:block}.elementor-testimonial-wrapper .elementor-testimonial-meta.elementor-testimonial-image-position-top .elementor-testimonial-image{margin-bottom:20px}<\/style>\t\t<div class=\"elementor-testimonial-wrapper\">\n\t\t\t\t\t\t\t<div class=\"elementor-testimonial-content\"><span style=\"caret-color: rgb(122, 122, 122); font-family: &quot;Open Sans&quot;, sans-serif; font-size: 24px; white-space: normal;\">D\u00e9couvrez&nbsp;<\/span><br><span style=\"caret-color: rgb(122, 122, 122); font-family: &quot;Open Sans&quot;, sans-serif; font-size: 24px; white-space: normal;\">votre future maison de vacances&nbsp;<\/span><br><h2 style=\"caret-color: rgb(122, 122, 122); color: rgb(122, 122, 122); white-space: normal;\"><strong>\u21d3<\/strong><span style=\"color: rgb(32, 210, 213); font-family: var( --e-global-typography-text-font-family ), Sans-serif; font-size: 1.3em; font-weight: var( --e-global-typography-text-font-weight ); white-space: pre-wrap;\"><\/span><\/h2><\/div>\n\t\t\t\n\t\t\t\t\t\t<div class=\"elementor-testimonial-meta elementor-has-image elementor-testimonial-image-position-top\">\n\t\t\t\t<div class=\"elementor-testimonial-meta-inner\">\n\t\t\t\t\t\t\t\t\t\t\t<div class=\"elementor-testimonial-image\">\n\t\t\t\t\t\t\t<a href=\"https:\/\/www.terravana-locations.fr\/location\/location-locations-d0\/\" target=\"_blank\"><img loading=\"lazy\" decoding=\"async\" width=\"632\" height=\"430\" src=\"https:\/\/www.terravana-locations.fr\/blog\/wp-content\/uploads\/2023\/05\/Logo-wordpress-632x430.jpg\" class=\"attachment-post size-post wp-image-187\" alt=\"\" \/><\/a>\t\t\t\t\t\t<\/div>\n\t\t\t\t\t\n\t\t\t\t\t\t\t\t\t<\/div>\n\t\t\t<\/div>\n\t\t\t\t\t<\/div>\n\t\t\t\t<\/div>\n\t\t\t\t<\/div>\n\t\t\t\t\t<\/div>\n\t\t<\/div>\n\t\t\t\t\t\t\t<\/div>\n\t\t<\/section>\n\t\t\t\t\t\t\t<\/div>\n\t\t","protected":false},"excerpt":{"rendered":"<p>Cette majestueuse falaise appel\u00e9e \u00ab\u00a0Le Rocher\u201d fait partie du patrimoine historique et affectif de Cotignac. De ceux qui d\u00e9cidaient de quitter le village, nos a\u00efeux avaient l\u2019habitude de dire \u201cacqu\u00e9u veira plus la Roco, \u00e9 sera mal\u00e9rous\u201d (celui-l\u00e0 ne verra plus la roche, et il sera malheureux).<\/p>\n","protected":false},"author":2,"featured_media":542,"comment_status":"closed","ping_status":"closed","sticky":false,"template":"","format":"standard","meta":{"footnotes":""},"categories":[8],"tags":[],"class_list":["post-250","post","type-post","status-publish","format-standard","has-post-thumbnail","hentry","category-les-environs"],"yoast_head":"<!-- This site is optimized with the Yoast SEO plugin v20.8 - https:\/\/yoast.com\/wordpress\/plugins\/seo\/ -->\n<title>Le Rocher de Cotignac - Blog<\/title>\n<meta name=\"description\" content=\"Cotignac est c\u00e9l\u00e8bre pour ses falaises de tuf, formations rocheuses spectaculaires cr\u00e9\u00e9es par l&#039;\u00e9rosion de la rivi\u00e8re au fil du temps\" \/>\n<meta name=\"robots\" content=\"index, follow, max-snippet:-1, max-image-preview:large, max-video-preview:-1\" \/>\n<link rel=\"canonical\" href=\"https:\/\/www.terravana-locations.fr\/blog\/le-rocher-de-cotignac\/\" \/>\n<meta property=\"og:locale\" content=\"fr_FR\" \/>\n<meta property=\"og:type\" content=\"article\" \/>\n<meta property=\"og:title\" content=\"Le Rocher de Cotignac - Blog\" \/>\n<meta property=\"og:description\" content=\"Cotignac est c\u00e9l\u00e8bre pour ses falaises de tuf, formations rocheuses spectaculaires cr\u00e9\u00e9es par l&#039;\u00e9rosion de la rivi\u00e8re au fil du temps\" \/>\n<meta property=\"og:url\" content=\"https:\/\/www.terravana-locations.fr\/blog\/le-rocher-de-cotignac\/\" \/>\n<meta property=\"og:site_name\" content=\"Blog\" \/>\n<meta property=\"article:author\" content=\"https:\/\/www.facebook.com\/Terravana\" \/>\n<meta property=\"article:published_time\" content=\"2023-05-26T20:54:31+00:00\" \/>\n<meta property=\"article:modified_time\" content=\"2023-11-06T09:37:08+00:00\" \/>\n<meta property=\"og:image\" content=\"https:\/\/www.terravana-locations.fr\/blog\/wp-content\/uploads\/2023\/05\/DSC_0037-scaled.jpeg\" \/>\n\t<meta property=\"og:image:width\" content=\"2560\" \/>\n\t<meta property=\"og:image:height\" content=\"1440\" \/>\n\t<meta property=\"og:image:type\" content=\"image\/jpeg\" \/>\n<meta name=\"author\" content=\"terravana\" \/>\n<meta name=\"twitter:card\" content=\"summary_large_image\" \/>\n<meta name=\"twitter:label1\" content=\"\u00c9crit par\" \/>\n\t<meta name=\"twitter:data1\" content=\"terravana\" \/>\n\t<meta name=\"twitter:label2\" content=\"Dur\u00e9e de lecture estim\u00e9e\" \/>\n\t<meta name=\"twitter:data2\" content=\"3 minutes\" \/>\n<script type=\"application\/ld+json\" class=\"yoast-schema-graph\">{\"@context\":\"https:\/\/schema.org\",\"@graph\":[{\"@type\":\"WebPage\",\"@id\":\"https:\/\/www.terravana-locations.fr\/blog\/le-rocher-de-cotignac\/\",\"url\":\"https:\/\/www.terravana-locations.fr\/blog\/le-rocher-de-cotignac\/\",\"name\":\"Le Rocher de Cotignac - Blog\",\"isPartOf\":{\"@id\":\"https:\/\/www.terravana-locations.fr\/blog\/#website\"},\"datePublished\":\"2023-05-26T20:54:31+00:00\",\"dateModified\":\"2023-11-06T09:37:08+00:00\",\"author\":{\"@id\":\"https:\/\/www.terravana-locations.fr\/blog\/#\/schema\/person\/b050c3248a1a6f8f396367e2ba60f1e4\"},\"description\":\"Cotignac est c\u00e9l\u00e8bre pour ses falaises de tuf, formations rocheuses spectaculaires cr\u00e9\u00e9es par l'\u00e9rosion de la rivi\u00e8re au fil du temps\",\"breadcrumb\":{\"@id\":\"https:\/\/www.terravana-locations.fr\/blog\/le-rocher-de-cotignac\/#breadcrumb\"},\"inLanguage\":\"fr-FR\",\"potentialAction\":[{\"@type\":\"ReadAction\",\"target\":[\"https:\/\/www.terravana-locations.fr\/blog\/le-rocher-de-cotignac\/\"]}]},{\"@type\":\"BreadcrumbList\",\"@id\":\"https:\/\/www.terravana-locations.fr\/blog\/le-rocher-de-cotignac\/#breadcrumb\",\"itemListElement\":[{\"@type\":\"ListItem\",\"position\":1,\"name\":\"Accueil\",\"item\":\"https:\/\/www.terravana-locations.fr\/blog\/\"},{\"@type\":\"ListItem\",\"position\":2,\"name\":\"Le Rocher de Cotignac\"}]},{\"@type\":\"WebSite\",\"@id\":\"https:\/\/www.terravana-locations.fr\/blog\/#website\",\"url\":\"https:\/\/www.terravana-locations.fr\/blog\/\",\"name\":\"Blog\",\"description\":\"Terravana\",\"potentialAction\":[{\"@type\":\"SearchAction\",\"target\":{\"@type\":\"EntryPoint\",\"urlTemplate\":\"https:\/\/www.terravana-locations.fr\/blog\/?s={search_term_string}\"},\"query-input\":\"required name=search_term_string\"}],\"inLanguage\":\"fr-FR\"},{\"@type\":\"Person\",\"@id\":\"https:\/\/www.terravana-locations.fr\/blog\/#\/schema\/person\/b050c3248a1a6f8f396367e2ba60f1e4\",\"name\":\"terravana\",\"image\":{\"@type\":\"ImageObject\",\"inLanguage\":\"fr-FR\",\"@id\":\"https:\/\/www.terravana-locations.fr\/blog\/#\/schema\/person\/image\/\",\"url\":\"https:\/\/secure.gravatar.com\/avatar\/c31a419465d30aea2e48805dc95773d860227be12cab658c763a0a65c867ce59?s=96&d=mm&r=g\",\"contentUrl\":\"https:\/\/secure.gravatar.com\/avatar\/c31a419465d30aea2e48805dc95773d860227be12cab658c763a0a65c867ce59?s=96&d=mm&r=g\",\"caption\":\"terravana\"},\"description\":\"Terravana, sp\u00e9cialiste du tourisme en Provence, \u00e0 votre service depuis 2012\",\"sameAs\":[\"http:\/\/www.terravana-location.fr\",\"https:\/\/www.facebook.com\/Terravana\",\"https:\/\/www.instagram.com\/terravana83\/\"],\"url\":\"https:\/\/www.terravana-locations.fr\/blog\/author\/terravana\/\"}]}<\/script>\n<!-- \/ Yoast SEO plugin. -->","yoast_head_json":{"title":"Le Rocher de Cotignac - Blog","description":"Cotignac est c\u00e9l\u00e8bre pour ses falaises de tuf, formations rocheuses spectaculaires cr\u00e9\u00e9es par l'\u00e9rosion de la rivi\u00e8re au fil du temps","robots":{"index":"index","follow":"follow","max-snippet":"max-snippet:-1","max-image-preview":"max-image-preview:large","max-video-preview":"max-video-preview:-1"},"canonical":"https:\/\/www.terravana-locations.fr\/blog\/le-rocher-de-cotignac\/","og_locale":"fr_FR","og_type":"article","og_title":"Le Rocher de Cotignac - Blog","og_description":"Cotignac est c\u00e9l\u00e8bre pour ses falaises de tuf, formations rocheuses spectaculaires cr\u00e9\u00e9es par l'\u00e9rosion de la rivi\u00e8re au fil du temps","og_url":"https:\/\/www.terravana-locations.fr\/blog\/le-rocher-de-cotignac\/","og_site_name":"Blog","article_author":"https:\/\/www.facebook.com\/Terravana","article_published_time":"2023-05-26T20:54:31+00:00","article_modified_time":"2023-11-06T09:37:08+00:00","og_image":[{"width":2560,"height":1440,"url":"https:\/\/www.terravana-locations.fr\/blog\/wp-content\/uploads\/2023\/05\/DSC_0037-scaled.jpeg","type":"image\/jpeg"}],"author":"terravana","twitter_card":"summary_large_image","twitter_misc":{"\u00c9crit par":"terravana","Dur\u00e9e de lecture estim\u00e9e":"3 minutes"},"schema":{"@context":"https:\/\/schema.org","@graph":[{"@type":"WebPage","@id":"https:\/\/www.terravana-locations.fr\/blog\/le-rocher-de-cotignac\/","url":"https:\/\/www.terravana-locations.fr\/blog\/le-rocher-de-cotignac\/","name":"Le Rocher de Cotignac - Blog","isPartOf":{"@id":"https:\/\/www.terravana-locations.fr\/blog\/#website"},"datePublished":"2023-05-26T20:54:31+00:00","dateModified":"2023-11-06T09:37:08+00:00","author":{"@id":"https:\/\/www.terravana-locations.fr\/blog\/#\/schema\/person\/b050c3248a1a6f8f396367e2ba60f1e4"},"description":"Cotignac est c\u00e9l\u00e8bre pour ses falaises de tuf, formations rocheuses spectaculaires cr\u00e9\u00e9es par l'\u00e9rosion de la rivi\u00e8re au fil du temps","breadcrumb":{"@id":"https:\/\/www.terravana-locations.fr\/blog\/le-rocher-de-cotignac\/#breadcrumb"},"inLanguage":"fr-FR","potentialAction":[{"@type":"ReadAction","target":["https:\/\/www.terravana-locations.fr\/blog\/le-rocher-de-cotignac\/"]}]},{"@type":"BreadcrumbList","@id":"https:\/\/www.terravana-locations.fr\/blog\/le-rocher-de-cotignac\/#breadcrumb","itemListElement":[{"@type":"ListItem","position":1,"name":"Accueil","item":"https:\/\/www.terravana-locations.fr\/blog\/"},{"@type":"ListItem","position":2,"name":"Le Rocher de Cotignac"}]},{"@type":"WebSite","@id":"https:\/\/www.terravana-locations.fr\/blog\/#website","url":"https:\/\/www.terravana-locations.fr\/blog\/","name":"Blog","description":"Terravana","potentialAction":[{"@type":"SearchAction","target":{"@type":"EntryPoint","urlTemplate":"https:\/\/www.terravana-locations.fr\/blog\/?s={search_term_string}"},"query-input":"required name=search_term_string"}],"inLanguage":"fr-FR"},{"@type":"Person","@id":"https:\/\/www.terravana-locations.fr\/blog\/#\/schema\/person\/b050c3248a1a6f8f396367e2ba60f1e4","name":"terravana","image":{"@type":"ImageObject","inLanguage":"fr-FR","@id":"https:\/\/www.terravana-locations.fr\/blog\/#\/schema\/person\/image\/","url":"https:\/\/secure.gravatar.com\/avatar\/c31a419465d30aea2e48805dc95773d860227be12cab658c763a0a65c867ce59?s=96&d=mm&r=g","contentUrl":"https:\/\/secure.gravatar.com\/avatar\/c31a419465d30aea2e48805dc95773d860227be12cab658c763a0a65c867ce59?s=96&d=mm&r=g","caption":"terravana"},"description":"Terravana, sp\u00e9cialiste du tourisme en Provence, \u00e0 votre service depuis 2012","sameAs":["http:\/\/www.terravana-location.fr","https:\/\/www.facebook.com\/Terravana","https:\/\/www.instagram.com\/terravana83\/"],"url":"https:\/\/www.terravana-locations.fr\/blog\/author\/terravana\/"}]}},"_links":{"self":[{"href":"https:\/\/www.terravana-locations.fr\/blog\/wp-json\/wp\/v2\/posts\/250","targetHints":{"allow":["GET"]}}],"collection":[{"href":"https:\/\/www.terravana-locations.fr\/blog\/wp-json\/wp\/v2\/posts"}],"about":[{"href":"https:\/\/www.terravana-locations.fr\/blog\/wp-json\/wp\/v2\/types\/post"}],"author":[{"embeddable":true,"href":"https:\/\/www.terravana-locations.fr\/blog\/wp-json\/wp\/v2\/users\/2"}],"replies":[{"embeddable":true,"href":"https:\/\/www.terravana-locations.fr\/blog\/wp-json\/wp\/v2\/comments?post=250"}],"version-history":[{"count":113,"href":"https:\/\/www.terravana-locations.fr\/blog\/wp-json\/wp\/v2\/posts\/250\/revisions"}],"predecessor-version":[{"id":773,"href":"https:\/\/www.terravana-locations.fr\/blog\/wp-json\/wp\/v2\/posts\/250\/revisions\/773"}],"wp:featuredmedia":[{"embeddable":true,"href":"https:\/\/www.terravana-locations.fr\/blog\/wp-json\/wp\/v2\/media\/542"}],"wp:attachment":[{"href":"https:\/\/www.terravana-locations.fr\/blog\/wp-json\/wp\/v2\/media?parent=250"}],"wp:term":[{"taxonomy":"category","embeddable":true,"href":"https:\/\/www.terravana-locations.fr\/blog\/wp-json\/wp\/v2\/categories?post=250"},{"taxonomy":"post_tag","embeddable":true,"href":"https:\/\/www.terravana-locations.fr\/blog\/wp-json\/wp\/v2\/tags?post=250"}],"curies":[{"name":"wp","href":"https:\/\/api.w.org\/{rel}","templated":true}]}}