{"id":756,"date":"2023-07-01T17:22:34","date_gmt":"2023-07-01T17:22:34","guid":{"rendered":"https:\/\/www.terravana-locations.fr\/blog\/?p=756"},"modified":"2023-07-01T18:17:03","modified_gmt":"2023-07-01T18:17:03","slug":"elementor-756","status":"publish","type":"post","link":"https:\/\/www.terravana-locations.fr\/blog\/elementor-756\/","title":{"rendered":"Littoral M\u00e9diterran\u00e9en"},"content":{"rendered":"\t\t<div data-elementor-type=\"wp-post\" data-elementor-id=\"756\" class=\"elementor elementor-756\">\n\t\t\t\t\t\t\t\t\t<section class=\"elementor-section elementor-top-section elementor-element elementor-element-2f67c15 elementor-section-boxed elementor-section-height-default elementor-section-height-default\" data-id=\"2f67c15\" data-element_type=\"section\">\n\t\t\t\t\t\t<div class=\"elementor-container elementor-column-gap-default\">\n\t\t\t\t\t<div class=\"elementor-column elementor-col-100 elementor-top-column elementor-element elementor-element-b96cf6b\" data-id=\"b96cf6b\" data-element_type=\"column\">\n\t\t\t<div class=\"elementor-widget-wrap elementor-element-populated\">\n\t\t\t\t\t\t\t\t<div class=\"elementor-element elementor-element-5f64021 elementor-widget elementor-widget-heading\" data-id=\"5f64021\" data-element_type=\"widget\" data-widget_type=\"heading.default\">\n\t\t\t\t<div class=\"elementor-widget-container\">\n\t\t\t<style>\/*! elementor - v3.13.3 - 22-05-2023 *\/\n.elementor-heading-title{padding:0;margin:0;line-height:1}.elementor-widget-heading .elementor-heading-title[class*=elementor-size-]>a{color:inherit;font-size:inherit;line-height:inherit}.elementor-widget-heading .elementor-heading-title.elementor-size-small{font-size:15px}.elementor-widget-heading .elementor-heading-title.elementor-size-medium{font-size:19px}.elementor-widget-heading .elementor-heading-title.elementor-size-large{font-size:29px}.elementor-widget-heading .elementor-heading-title.elementor-size-xl{font-size:39px}.elementor-widget-heading .elementor-heading-title.elementor-size-xxl{font-size:59px}<\/style><h2 class=\"elementor-heading-title elementor-size-default\">Le Littoral M\u00e9diterran\u00e9en<\/h2>\t\t<\/div>\n\t\t\t\t<\/div>\n\t\t\t\t\t<\/div>\n\t\t<\/div>\n\t\t\t\t\t\t\t<\/div>\n\t\t<\/section>\n\t\t\t\t<section class=\"elementor-section elementor-top-section elementor-element elementor-element-82b0247 elementor-section-boxed elementor-section-height-default elementor-section-height-default\" data-id=\"82b0247\" data-element_type=\"section\">\n\t\t\t\t\t\t<div class=\"elementor-container elementor-column-gap-default\">\n\t\t\t\t\t<div class=\"elementor-column elementor-col-100 elementor-top-column elementor-element elementor-element-b7f2118\" data-id=\"b7f2118\" data-element_type=\"column\">\n\t\t\t<div class=\"elementor-widget-wrap elementor-element-populated\">\n\t\t\t\t\t\t\t\t<div class=\"elementor-element elementor-element-3c5fc33 elementor-widget elementor-widget-text-editor\" data-id=\"3c5fc33\" data-element_type=\"widget\" data-widget_type=\"text-editor.default\">\n\t\t\t\t<div class=\"elementor-widget-container\">\n\t\t\t<style>\/*! elementor - v3.13.3 - 22-05-2023 *\/\n.elementor-widget-text-editor.elementor-drop-cap-view-stacked .elementor-drop-cap{background-color:#69727d;color:#fff}.elementor-widget-text-editor.elementor-drop-cap-view-framed .elementor-drop-cap{color:#69727d;border:3px solid;background-color:transparent}.elementor-widget-text-editor:not(.elementor-drop-cap-view-default) .elementor-drop-cap{margin-top:8px}.elementor-widget-text-editor:not(.elementor-drop-cap-view-default) .elementor-drop-cap-letter{width:1em;height:1em}.elementor-widget-text-editor .elementor-drop-cap{float:left;text-align:center;line-height:1;font-size:50px}.elementor-widget-text-editor .elementor-drop-cap-letter{display:inline-block}<\/style>\t\t\t\t<p class=\"MsoNormal\" style=\"margin: 0cm; font-size: medium; font-family: 'Times New Roman', serif; caret-color: #000000; color: #000000; text-align: justify;\"><span style=\"font-size: 13pt; font-family: 'Calibri Light', sans-serif;\">La<span class=\"apple-converted-space\">&nbsp;r\u00e9gion&nbsp;<\/span><strong>Provence-Alpes-C\u00f4te d\u2019Azur<\/strong>&nbsp;est dot\u00e9e de 700 kilom\u00e8tres d\u2019un<span class=\"apple-converted-space\">&nbsp;<\/span><strong>littoral<\/strong><span class=\"apple-converted-space\"><b>&nbsp;<\/b><\/span>d\u2019exception fait de criques, d\u2019anses, de caps et de presqu\u2019\u00eeles. Le spectacle est garanti et les panoramas sont sublimes&nbsp;!<\/span><\/p>\t\t\t\t\t\t<\/div>\n\t\t\t\t<\/div>\n\t\t\t\t\t<\/div>\n\t\t<\/div>\n\t\t\t\t\t\t\t<\/div>\n\t\t<\/section>\n\t\t\t\t<section class=\"elementor-section elementor-top-section elementor-element elementor-element-df3637c elementor-section-boxed elementor-section-height-default elementor-section-height-default\" data-id=\"df3637c\" data-element_type=\"section\">\n\t\t\t\t\t\t<div class=\"elementor-container elementor-column-gap-default\">\n\t\t\t\t\t<div class=\"elementor-column elementor-col-100 elementor-top-column elementor-element elementor-element-da633ae\" data-id=\"da633ae\" data-element_type=\"column\">\n\t\t\t<div class=\"elementor-widget-wrap elementor-element-populated\">\n\t\t\t\t\t\t\t\t<div class=\"elementor-element elementor-element-40e294f elementor-widget elementor-widget-text-editor\" data-id=\"40e294f\" data-element_type=\"widget\" data-settings=\"{&quot;_animation&quot;:&quot;none&quot;}\" data-widget_type=\"text-editor.default\">\n\t\t\t\t<div class=\"elementor-widget-container\">\n\t\t\t\t\t\t\t<p><span style=\"font-family: 'Calibri Light', sans-serif; font-size: 13pt; caret-color: #000000; color: #000000; text-align: justify;\">De la Provence Verte, il faut compter environ 1H30 pour rejoindre les 1eres plages de sable. Outre les baignades, il existe un grand nombre de parcours de randonn\u00e9es\u00a0;<\/span><span style=\"font-family: 'Calibri Light', sans-serif; font-size: 13pt; caret-color: #000000; color: #000000; text-align: justify;\">\u00a0<\/span><span style=\"font-family: 'Calibri Light', sans-serif; font-size: 13pt; caret-color: #000000; color: #000000; text-align: justify; background-color: #fefefe;\">\u00e0 flanc de falaise, le long des criques ou sous les pins, les sentiers des douaniers sont toujours un \u00e9merveillement !<\/span><\/p>\t\t\t\t\t\t<\/div>\n\t\t\t\t<\/div>\n\t\t\t\t\t<\/div>\n\t\t<\/div>\n\t\t\t\t\t\t\t<\/div>\n\t\t<\/section>\n\t\t\t\t<section class=\"elementor-section elementor-top-section elementor-element elementor-element-bce4b44 elementor-section-boxed elementor-section-height-default elementor-section-height-default\" data-id=\"bce4b44\" data-element_type=\"section\">\n\t\t\t\t\t\t<div class=\"elementor-container elementor-column-gap-default\">\n\t\t\t\t\t<div class=\"elementor-column elementor-col-100 elementor-top-column elementor-element elementor-element-2626fef\" data-id=\"2626fef\" data-element_type=\"column\">\n\t\t\t<div class=\"elementor-widget-wrap elementor-element-populated\">\n\t\t\t\t\t\t\t\t<div class=\"elementor-element elementor-element-9b5f0cc elementor-widget elementor-widget-text-editor\" data-id=\"9b5f0cc\" data-element_type=\"widget\" data-settings=\"{&quot;_animation&quot;:&quot;none&quot;}\" data-widget_type=\"text-editor.default\">\n\t\t\t\t<div class=\"elementor-widget-container\">\n\t\t\t\t\t\t\t<p style=\"margin: 0cm; font-size: medium; font-family: 'Times New Roman', serif; caret-color: #000000; color: #000000; text-align: justify;\"><span style=\"font-size: 13pt; font-family: 'Calibri Light', sans-serif;\">Selon la p\u00e9riode de l\u2019ann\u00e9e, la fr\u00e9quentation peut atteindre des sommets mais l\u2019on appr\u00e9cie tout au long de l\u2019ann\u00e9e son micro-climat et ses paysages de cartes postales.\u00a0<\/span><\/p>\t\t\t\t\t\t<\/div>\n\t\t\t\t<\/div>\n\t\t\t\t\t<\/div>\n\t\t<\/div>\n\t\t\t\t\t\t\t<\/div>\n\t\t<\/section>\n\t\t\t\t<section class=\"elementor-section elementor-top-section elementor-element elementor-element-326e481 elementor-section-boxed elementor-section-height-default elementor-section-height-default\" data-id=\"326e481\" data-element_type=\"section\">\n\t\t\t\t\t\t<div class=\"elementor-container elementor-column-gap-default\">\n\t\t\t\t\t<div class=\"elementor-column elementor-col-100 elementor-top-column elementor-element elementor-element-6ba43e7\" data-id=\"6ba43e7\" data-element_type=\"column\">\n\t\t\t<div class=\"elementor-widget-wrap elementor-element-populated\">\n\t\t\t\t\t\t\t\t<div class=\"elementor-element elementor-element-8d37369 elementor-widget elementor-widget-text-editor\" data-id=\"8d37369\" data-element_type=\"widget\" data-settings=\"{&quot;_animation&quot;:&quot;none&quot;}\" data-widget_type=\"text-editor.default\">\n\t\t\t\t<div class=\"elementor-widget-container\">\n\t\t\t\t\t\t\t<p class=\"MsoNormal\" style=\"margin: 0cm; font-size: medium; font-family: 'Times New Roman', serif; caret-color: #000000; color: #000000; text-align: justify;\"><span style=\"font-size: 13pt; font-family: 'Calibri Light', sans-serif;\">Au Sud de Marseille, en direction de Cassis, les calanques et ses nombreux sentiers attirent de nombreux randonneurs toute l\u2019ann\u00e9e et offrent des panoramas spectaculaires.<\/span><\/p>\t\t\t\t\t\t<\/div>\n\t\t\t\t<\/div>\n\t\t\t\t\t<\/div>\n\t\t<\/div>\n\t\t\t\t\t\t\t<\/div>\n\t\t<\/section>\n\t\t\t\t<section class=\"elementor-section elementor-top-section elementor-element elementor-element-adcf0b3 elementor-section-boxed elementor-section-height-default elementor-section-height-default\" data-id=\"adcf0b3\" data-element_type=\"section\">\n\t\t\t\t\t\t<div class=\"elementor-container elementor-column-gap-default\">\n\t\t\t\t\t<div class=\"elementor-column elementor-col-100 elementor-top-column elementor-element elementor-element-59bfd7b\" data-id=\"59bfd7b\" data-element_type=\"column\">\n\t\t\t<div class=\"elementor-widget-wrap elementor-element-populated\">\n\t\t\t\t\t\t\t\t<div class=\"elementor-element elementor-element-2573d10 elementor-widget elementor-widget-text-editor\" data-id=\"2573d10\" data-element_type=\"widget\" data-settings=\"{&quot;_animation&quot;:&quot;none&quot;}\" data-widget_type=\"text-editor.default\">\n\t\t\t\t<div class=\"elementor-widget-container\">\n\t\t\t\t\t\t\t<p class=\"MsoNormal\" style=\"margin: 0cm; font-size: medium; font-family: 'Times New Roman', serif; caret-color: #000000; color: #000000; text-align: justify;\"><span style=\"font-size: 13pt; font-family: 'Calibri Light', sans-serif;\">Entre terre et mer, le charmant village perch\u00e9 de Bormes les Mimosas poss\u00e8de un patrimoine floral exceptionnel. En hiver, la floraison du mimosa est un pur ravissement de couleurs et senteurs. Le village se met en f\u00eate le dernier week-end de f\u00e9vrier\u00a0pour c\u00e9l\u00e9brer le Grand Corso du<span class=\"apple-converted-space\">\u00a0Mimosa<\/span>.<\/span><\/p><p class=\"MsoNormal\" style=\"margin: 0cm; font-size: medium; font-family: 'Times New Roman', serif; caret-color: #000000; color: #000000; text-align: justify;\"><span style=\"font-size: 13pt; font-family: 'Calibri Light', sans-serif;\">C\u2019est sur cette commune que se trouve le Fort de Br\u00e9gan\u00e7on, r\u00e9sidence d\u2019\u00e9t\u00e9 des Pr\u00e9sidents de la R\u00e9publique.\u00a0<\/span><\/p>\t\t\t\t\t\t<\/div>\n\t\t\t\t<\/div>\n\t\t\t\t\t<\/div>\n\t\t<\/div>\n\t\t\t\t\t\t\t<\/div>\n\t\t<\/section>\n\t\t\t\t<section class=\"elementor-section elementor-top-section elementor-element elementor-element-8f044b3 elementor-section-boxed elementor-section-height-default elementor-section-height-default\" data-id=\"8f044b3\" data-element_type=\"section\">\n\t\t\t\t\t\t<div class=\"elementor-container elementor-column-gap-default\">\n\t\t\t\t\t<div class=\"elementor-column elementor-col-100 elementor-top-column elementor-element elementor-element-eb8b779\" data-id=\"eb8b779\" data-element_type=\"column\">\n\t\t\t<div class=\"elementor-widget-wrap elementor-element-populated\">\n\t\t\t\t\t\t\t\t<div class=\"elementor-element elementor-element-92c2c58 elementor-widget elementor-widget-text-editor\" data-id=\"92c2c58\" data-element_type=\"widget\" data-settings=\"{&quot;_animation&quot;:&quot;none&quot;}\" data-widget_type=\"text-editor.default\">\n\t\t\t\t<div class=\"elementor-widget-container\">\n\t\t\t\t\t\t\t<p><span style=\"font-family: 'Calibri Light', sans-serif; font-size: 13pt; caret-color: #000000; color: #000000; text-align: justify;\">A Hy\u00e8res, ne manquez pas de prendre la mer et mettre le cap sur les \u00eeles d\u2019Or\u00a0: 3 \u00eeles, chacune leurs caract\u00e9ristiques et leurs sentiers \u00e0 arpenter au sein d\u2019un parc national de toute beaut\u00e9. Par une navette depuis la Tour Fondue de la presqu\u2019\u00eele de Giens, rejoignez l\u2019\u00eele de Porquerolles, que vous pourrez parcourir \u00e0 v\u00e9lo ou \u00e0 pied.<\/span><\/p><p style=\"margin: 0cm; font-size: medium; font-family: 'Times New Roman', serif; caret-color: #000000; color: #000000; text-align: justify;\"><span style=\"font-size: 13pt; font-family: 'Calibri Light', sans-serif;\">Port-Cros est la plus sauvage des trois \u00eeles\u00a0; ce parc national pr\u00e9serv\u00e9 dispose de 3 sentiers \u00e0 parcourir \u00e0 pied uniquement.\u00a0<\/span><\/p><p style=\"margin: 0cm; font-size: medium; font-family: 'Times New Roman', serif; caret-color: #000000; color: #000000; text-align: justify;\"><span style=\"font-size: 13pt; font-family: 'Calibri Light', sans-serif;\">N\u2019oubliez pas masque et tuba pour admirer la flore et la faune sous-marine sur le sentier sous-marin de La Palud.<\/span><\/p>\t\t\t\t\t\t<\/div>\n\t\t\t\t<\/div>\n\t\t\t\t<div class=\"elementor-element elementor-element-bb3d1a1 elementor-widget elementor-widget-text-editor\" data-id=\"bb3d1a1\" data-element_type=\"widget\" data-settings=\"{&quot;_animation&quot;:&quot;none&quot;}\" data-widget_type=\"text-editor.default\">\n\t\t\t\t<div class=\"elementor-widget-container\">\n\t\t\t\t\t\t\t<p class=\"MsoNormal\" style=\"margin: 0cm; font-size: medium; font-family: &quot;Times New Roman&quot;, serif; caret-color: rgb(0, 0, 0); color: rgb(0, 0, 0); text-align: justify;\"><span style=\"font-size: 13pt; font-family: &quot;Calibri Light&quot;, sans-serif;\">Comme ses s\u0153urs de l\u2019archipel, l\u2019\u00eele du Levant&nbsp;&nbsp;dispose d\u2019un patrimoine naturel pr\u00e9serv\u00e9.&nbsp;Elle a comme particularit\u00e9 d\u2019avoir un territoire organis\u00e9 en deux zones g\u00e9ographiques bien distinctes&nbsp;: 90% est r\u00e9serv\u00e9 \u00e0 l\u2019Arm\u00e9e et seule une petite partie reste ouverte aux visiteurs, c\u00e9l\u00e8bre pour son centre de naturisme cr\u00e9\u00e9 en 1931.&nbsp;<o:p><\/o:p><\/span><\/p>\t\t\t\t\t\t<\/div>\n\t\t\t\t<\/div>\n\t\t\t\t\t<\/div>\n\t\t<\/div>\n\t\t\t\t\t\t\t<\/div>\n\t\t<\/section>\n\t\t\t\t<section class=\"elementor-section elementor-top-section elementor-element elementor-element-df56b52 elementor-section-boxed elementor-section-height-default elementor-section-height-default\" data-id=\"df56b52\" data-element_type=\"section\">\n\t\t\t\t\t\t<div class=\"elementor-container elementor-column-gap-default\">\n\t\t\t\t\t<div class=\"elementor-column elementor-col-100 elementor-top-column elementor-element elementor-element-b72d351\" data-id=\"b72d351\" data-element_type=\"column\">\n\t\t\t<div class=\"elementor-widget-wrap elementor-element-populated\">\n\t\t\t\t\t\t\t\t<div class=\"elementor-element elementor-element-694e890 elementor-widget elementor-widget-text-editor\" data-id=\"694e890\" data-element_type=\"widget\" data-settings=\"{&quot;_animation&quot;:&quot;none&quot;}\" data-widget_type=\"text-editor.default\">\n\t\t\t\t<div class=\"elementor-widget-container\">\n\t\t\t\t\t\t\t<p class=\"MsoNormal\" style=\"margin: 0cm; font-size: medium; font-family: 'Times New Roman', serif; caret-color: #000000; color: #000000; text-align: justify;\"><span style=\"font-size: 13pt; font-family: 'Calibri Light', sans-serif;\">C\u2019est le succ\u00e8s du film \u00ab\u00a0Et Dieu cr\u00e9a la femme\u00a0\u00bb mettant en sc\u00e8ne l\u2019actrice Brigitte Bardot qui a fait la renom\u00e9e internationale du petit port de Saint-Tropez. Avec son charme incontestable, St-Tropez est \u00e0 la fois la Provence pour ses couleurs et ses traditions mais aussi la C\u00f4te d\u2019Azur pour son art de vivre chic et d\u00e9contract\u00e9.\u00a0<\/span><\/p><p class=\"MsoNormal\" style=\"margin: 0cm; font-size: medium; font-family: 'Times New Roman', serif; caret-color: #000000; color: #000000; text-align: justify;\"><span style=\"font-size: 13pt; font-family: 'Calibri Light', sans-serif;\">Farniente sur la plage de Pamplelone, d\u00e9tente et bien-\u00eatre en spa, shopping ou pause gastronomique, St-Tropez n\u2019est pas juste une station baln\u00e9aire branch\u00e9e et l\u2019on prend plaisir \u00e0 retrouver le charme de ce pittoresque village proven\u00e7al en dehors de la p\u00e9riode estivale.<\/span><\/p>\t\t\t\t\t\t<\/div>\n\t\t\t\t<\/div>\n\t\t\t\t\t<\/div>\n\t\t<\/div>\n\t\t\t\t\t\t\t<\/div>\n\t\t<\/section>\n\t\t\t\t<section class=\"elementor-section elementor-top-section elementor-element elementor-element-9a96dc3 elementor-section-boxed elementor-section-height-default elementor-section-height-default\" data-id=\"9a96dc3\" data-element_type=\"section\">\n\t\t\t\t\t\t<div class=\"elementor-container elementor-column-gap-default\">\n\t\t\t\t\t<div class=\"elementor-column elementor-col-100 elementor-top-column elementor-element elementor-element-75a27a3\" data-id=\"75a27a3\" data-element_type=\"column\">\n\t\t\t<div class=\"elementor-widget-wrap elementor-element-populated\">\n\t\t\t\t\t\t\t\t<div class=\"elementor-element elementor-element-d12b0cc elementor-widget elementor-widget-text-editor\" data-id=\"d12b0cc\" data-element_type=\"widget\" data-settings=\"{&quot;_animation&quot;:&quot;none&quot;}\" data-widget_type=\"text-editor.default\">\n\t\t\t\t<div class=\"elementor-widget-container\">\n\t\t\t\t\t\t\t<p class=\"MsoNormal\" style=\"margin: 0cm; font-size: medium; font-family: 'Times New Roman', serif; caret-color: #000000; color: #000000; text-align: justify;\"><span style=\"font-size: 13pt; font-family: 'Calibri Light', sans-serif; letter-spacing: 0.4pt;\">Le massif de l\u2019Est\u00e9rel, fait de roches volcaniques aux couleurs rouges, offre des paysages tout \u00e0 fait uniques.\u00a0<\/span><\/p>\t\t\t\t\t\t<\/div>\n\t\t\t\t<\/div>\n\t\t\t\t<div class=\"elementor-element elementor-element-094d171 elementor-widget elementor-widget-text-editor\" data-id=\"094d171\" data-element_type=\"widget\" data-settings=\"{&quot;_animation&quot;:&quot;none&quot;}\" data-widget_type=\"text-editor.default\">\n\t\t\t\t<div class=\"elementor-widget-container\">\n\t\t\t\t\t\t\t<p style=\"margin: 0cm; font-size: medium; font-family: 'Times New Roman', serif; caret-color: #000000; color: #000000; text-align: justify; vertical-align: baseline;\"><span style=\"font-size: 13pt; font-family: 'Calibri Light', sans-serif; letter-spacing: 0.35pt;\">Saint-Rapha\u00ebl marque le d\u00e9but de<span class=\"apple-converted-space\"><b>\u00a0<\/b><\/span><strong><span style=\"border: 1pt none windowtext; padding: 0cm;\">la C\u00f4te d\u2019Azur<\/span><\/strong>\u00a0jusqu\u2019\u00e0 Menton, aux portes de la fronti\u00e8re italienne. Sur cette portion du littoral m\u00e9diterran\u00e9en se succ\u00e8dent des stations baln\u00e9aires de luxe (Mandelieu, Antibes-Juan-les-Pins, Villefranche-sur-Mer, Saint-Jean-Cap-Ferrat, Eze, Roquebrune-Cap Martin et Menton) et des villes dont la renom\u00e9e n\u2019est plus \u00e0 faire\u00a0: Cannes avec sa Croisette et son<span class=\"apple-converted-space\">\u00a0<\/span>festival\u00a0<\/span><span style=\"font-size: 13pt; font-family: 'Calibri Light', sans-serif; border: 1pt none windowtext; padding: 0cm;\">International du Cin\u00e9ma et Nice avec sa Promenade des Anglais et son Carnaval.<\/span><\/p>\t\t\t\t\t\t<\/div>\n\t\t\t\t<\/div>\n\t\t\t\t\t<\/div>\n\t\t<\/div>\n\t\t\t\t\t\t\t<\/div>\n\t\t<\/section>\n\t\t\t\t<section class=\"elementor-section elementor-top-section elementor-element elementor-element-21f393c elementor-section-boxed elementor-section-height-default elementor-section-height-default\" data-id=\"21f393c\" data-element_type=\"section\">\n\t\t\t\t\t\t<div class=\"elementor-container elementor-column-gap-default\">\n\t\t\t\t\t<div class=\"elementor-column elementor-col-100 elementor-top-column elementor-element elementor-element-a4eb68a\" data-id=\"a4eb68a\" data-element_type=\"column\">\n\t\t\t<div class=\"elementor-widget-wrap elementor-element-populated\">\n\t\t\t\t\t\t\t\t<div class=\"elementor-element elementor-element-79d5b09 elementor-widget elementor-widget-image\" data-id=\"79d5b09\" data-element_type=\"widget\" data-widget_type=\"image.default\">\n\t\t\t\t<div class=\"elementor-widget-container\">\n\t\t\t<style>\/*! elementor - v3.13.3 - 22-05-2023 *\/\n.elementor-widget-image{text-align:center}.elementor-widget-image a{display:inline-block}.elementor-widget-image a img[src$=\".svg\"]{width:48px}.elementor-widget-image img{vertical-align:middle;display:inline-block}<\/style>\t\t\t\t\t\t\t\t\t\t\t\t<img loading=\"lazy\" decoding=\"async\" width=\"2560\" height=\"1700\" src=\"https:\/\/www.terravana-locations.fr\/blog\/wp-content\/uploads\/2023\/07\/Littoral-mediterraneen-scaled.jpg\" class=\"attachment-full size-full wp-image-759\" alt=\"\" srcset=\"https:\/\/www.terravana-locations.fr\/blog\/wp-content\/uploads\/2023\/07\/Littoral-mediterraneen-scaled.jpg 2560w, https:\/\/www.terravana-locations.fr\/blog\/wp-content\/uploads\/2023\/07\/Littoral-mediterraneen-768x510.jpg 768w, https:\/\/www.terravana-locations.fr\/blog\/wp-content\/uploads\/2023\/07\/Littoral-mediterraneen-1536x1020.jpg 1536w, https:\/\/www.terravana-locations.fr\/blog\/wp-content\/uploads\/2023\/07\/Littoral-mediterraneen-2048x1360.jpg 2048w\" sizes=\"auto, (max-width: 2560px) 100vw, 2560px\" \/>\t\t\t\t\t\t\t\t\t\t\t\t\t\t\t<\/div>\n\t\t\t\t<\/div>\n\t\t\t\t\t<\/div>\n\t\t<\/div>\n\t\t\t\t\t\t\t<\/div>\n\t\t<\/section>\n\t\t\t\t<section class=\"elementor-section elementor-top-section elementor-element elementor-element-cc6c34a elementor-section-boxed elementor-section-height-default elementor-section-height-default\" data-id=\"cc6c34a\" data-element_type=\"section\">\n\t\t\t\t\t\t<div class=\"elementor-container elementor-column-gap-default\">\n\t\t\t\t\t<div class=\"elementor-column elementor-col-100 elementor-top-column elementor-element elementor-element-50affb9\" data-id=\"50affb9\" data-element_type=\"column\">\n\t\t\t<div class=\"elementor-widget-wrap elementor-element-populated\">\n\t\t\t\t\t\t\t\t<div class=\"elementor-element elementor-element-24a9302 elementor-widget__width-initial elementor-widget elementor-widget-testimonial\" data-id=\"24a9302\" data-element_type=\"widget\" data-widget_type=\"testimonial.default\">\n\t\t\t\t<div class=\"elementor-widget-container\">\n\t\t\t<style>\/*! elementor - v3.13.3 - 22-05-2023 *\/\n.elementor-testimonial-wrapper{overflow:hidden;text-align:center}.elementor-testimonial-wrapper .elementor-testimonial-content{font-size:1.3em;margin-bottom:20px}.elementor-testimonial-wrapper .elementor-testimonial-name{line-height:1.5;display:block}.elementor-testimonial-wrapper .elementor-testimonial-job{font-size:.85em;display:block}.elementor-testimonial-wrapper .elementor-testimonial-meta{width:100%;line-height:1}.elementor-testimonial-wrapper .elementor-testimonial-meta-inner{display:inline-block}.elementor-testimonial-wrapper .elementor-testimonial-meta .elementor-testimonial-details,.elementor-testimonial-wrapper .elementor-testimonial-meta .elementor-testimonial-image{display:table-cell;vertical-align:middle}.elementor-testimonial-wrapper .elementor-testimonial-meta .elementor-testimonial-image img{width:60px;height:60px;border-radius:50%;-o-object-fit:cover;object-fit:cover;max-width:none}.elementor-testimonial-wrapper .elementor-testimonial-meta.elementor-testimonial-image-position-aside .elementor-testimonial-image{padding-right:15px}.elementor-testimonial-wrapper .elementor-testimonial-meta.elementor-testimonial-image-position-aside .elementor-testimonial-details{text-align:left}.elementor-testimonial-wrapper .elementor-testimonial-meta.elementor-testimonial-image-position-top .elementor-testimonial-details,.elementor-testimonial-wrapper .elementor-testimonial-meta.elementor-testimonial-image-position-top .elementor-testimonial-image{display:block}.elementor-testimonial-wrapper .elementor-testimonial-meta.elementor-testimonial-image-position-top .elementor-testimonial-image{margin-bottom:20px}<\/style>\t\t<div class=\"elementor-testimonial-wrapper\">\n\t\t\t\t\t\t\t<div class=\"elementor-testimonial-content\"><span style=\"caret-color: rgb(122, 122, 122); font-family: &quot;Open Sans&quot;, sans-serif; font-size: 24px; white-space: normal;\">D\u00e9couvrez&nbsp;<\/span><br><span style=\"caret-color: rgb(122, 122, 122); font-family: &quot;Open Sans&quot;, sans-serif; font-size: 24px; white-space: normal;\">votre future maison de vacances&nbsp;<\/span><br><h2 style=\"caret-color: rgb(122, 122, 122); color: rgb(122, 122, 122); white-space: normal;\"><strong>\u21d3<\/strong><span style=\"color: rgb(32, 210, 213); font-family: var( --e-global-typography-text-font-family ), Sans-serif; font-size: 1.3em; font-weight: var( --e-global-typography-text-font-weight ); white-space: pre-wrap;\"><\/span><\/h2><\/div>\n\t\t\t\n\t\t\t\t\t\t<div class=\"elementor-testimonial-meta elementor-has-image elementor-testimonial-image-position-top\">\n\t\t\t\t<div class=\"elementor-testimonial-meta-inner\">\n\t\t\t\t\t\t\t\t\t\t\t<div class=\"elementor-testimonial-image\">\n\t\t\t\t\t\t\t<a href=\"https:\/\/www.terravana-locations.fr\/location\/location-locations-d0\/\" target=\"_blank\"><img loading=\"lazy\" decoding=\"async\" width=\"632\" height=\"430\" src=\"https:\/\/www.terravana-locations.fr\/blog\/wp-content\/uploads\/2023\/05\/Logo-wordpress-632x430.jpg\" class=\"attachment-post size-post wp-image-187\" alt=\"\" \/><\/a>\t\t\t\t\t\t<\/div>\n\t\t\t\t\t\n\t\t\t\t\t\t\t\t\t<\/div>\n\t\t\t<\/div>\n\t\t\t\t\t<\/div>\n\t\t\t\t<\/div>\n\t\t\t\t<\/div>\n\t\t\t\t\t<\/div>\n\t\t<\/div>\n\t\t\t\t\t\t\t<\/div>\n\t\t<\/section>\n\t\t\t\t\t\t\t<\/div>\n\t\t","protected":false},"excerpt":{"rendered":"<p>La r\u00e9gion Provence-Alpes-C\u00f4te d\u2019Azur est dot\u00e9e de 700 kilom\u00e8tres d\u2019un littoral d\u2019exception fait de criques, d\u2019anses, de caps et de presqu\u2019\u00eeles. Le spectacle est garanti et les panoramas sont sublimes !<\/p>\n","protected":false},"author":2,"featured_media":759,"comment_status":"open","ping_status":"open","sticky":false,"template":"","format":"standard","meta":{"footnotes":""},"categories":[8],"tags":[],"class_list":["post-756","post","type-post","status-publish","format-standard","has-post-thumbnail","hentry","category-les-environs"],"yoast_head":"<!-- This site is optimized with the Yoast SEO plugin v20.8 - https:\/\/yoast.com\/wordpress\/plugins\/seo\/ -->\n<title>Littoral M\u00e9diterran\u00e9en - Blog<\/title>\n<meta name=\"description\" content=\"Littoral M\u00e9diterran\u00e9en, un bord de mer d\u2019exception fait de criques, anses, caps et presqu\u2019\u00eeles ; \u00e0 seulement 1h30 de la Provence Verte\" \/>\n<meta name=\"robots\" content=\"index, follow, max-snippet:-1, max-image-preview:large, max-video-preview:-1\" \/>\n<link rel=\"canonical\" href=\"https:\/\/www.terravana-locations.fr\/blog\/elementor-756\/\" \/>\n<meta property=\"og:locale\" content=\"fr_FR\" \/>\n<meta property=\"og:type\" content=\"article\" \/>\n<meta property=\"og:title\" content=\"Littoral M\u00e9diterran\u00e9en - Blog\" \/>\n<meta property=\"og:description\" content=\"Littoral M\u00e9diterran\u00e9en, un bord de mer d\u2019exception fait de criques, anses, caps et presqu\u2019\u00eeles ; \u00e0 seulement 1h30 de la Provence Verte\" \/>\n<meta property=\"og:url\" content=\"https:\/\/www.terravana-locations.fr\/blog\/elementor-756\/\" \/>\n<meta property=\"og:site_name\" content=\"Blog\" \/>\n<meta property=\"article:author\" content=\"https:\/\/www.facebook.com\/Terravana\" \/>\n<meta property=\"article:published_time\" content=\"2023-07-01T17:22:34+00:00\" \/>\n<meta property=\"article:modified_time\" content=\"2023-07-01T18:17:03+00:00\" \/>\n<meta property=\"og:image\" content=\"https:\/\/www.terravana-locations.fr\/blog\/wp-content\/uploads\/2023\/07\/Littoral-mediterraneen-scaled.jpg\" \/>\n\t<meta property=\"og:image:width\" content=\"2560\" \/>\n\t<meta property=\"og:image:height\" content=\"1700\" \/>\n\t<meta property=\"og:image:type\" content=\"image\/jpeg\" \/>\n<meta name=\"author\" content=\"terravana\" \/>\n<meta name=\"twitter:card\" content=\"summary_large_image\" \/>\n<meta name=\"twitter:label1\" content=\"\u00c9crit par\" \/>\n\t<meta name=\"twitter:data1\" content=\"terravana\" \/>\n\t<meta name=\"twitter:label2\" content=\"Dur\u00e9e de lecture estim\u00e9e\" \/>\n\t<meta name=\"twitter:data2\" content=\"4 minutes\" \/>\n<script type=\"application\/ld+json\" class=\"yoast-schema-graph\">{\"@context\":\"https:\/\/schema.org\",\"@graph\":[{\"@type\":\"WebPage\",\"@id\":\"https:\/\/www.terravana-locations.fr\/blog\/elementor-756\/\",\"url\":\"https:\/\/www.terravana-locations.fr\/blog\/elementor-756\/\",\"name\":\"Littoral M\u00e9diterran\u00e9en - Blog\",\"isPartOf\":{\"@id\":\"https:\/\/www.terravana-locations.fr\/blog\/#website\"},\"datePublished\":\"2023-07-01T17:22:34+00:00\",\"dateModified\":\"2023-07-01T18:17:03+00:00\",\"author\":{\"@id\":\"https:\/\/www.terravana-locations.fr\/blog\/#\/schema\/person\/b050c3248a1a6f8f396367e2ba60f1e4\"},\"description\":\"Littoral M\u00e9diterran\u00e9en, un bord de mer d\u2019exception fait de criques, anses, caps et presqu\u2019\u00eeles ; \u00e0 seulement 1h30 de la Provence Verte\",\"breadcrumb\":{\"@id\":\"https:\/\/www.terravana-locations.fr\/blog\/elementor-756\/#breadcrumb\"},\"inLanguage\":\"fr-FR\",\"potentialAction\":[{\"@type\":\"ReadAction\",\"target\":[\"https:\/\/www.terravana-locations.fr\/blog\/elementor-756\/\"]}]},{\"@type\":\"BreadcrumbList\",\"@id\":\"https:\/\/www.terravana-locations.fr\/blog\/elementor-756\/#breadcrumb\",\"itemListElement\":[{\"@type\":\"ListItem\",\"position\":1,\"name\":\"Accueil\",\"item\":\"https:\/\/www.terravana-locations.fr\/blog\/\"},{\"@type\":\"ListItem\",\"position\":2,\"name\":\"Littoral M\u00e9diterran\u00e9en\"}]},{\"@type\":\"WebSite\",\"@id\":\"https:\/\/www.terravana-locations.fr\/blog\/#website\",\"url\":\"https:\/\/www.terravana-locations.fr\/blog\/\",\"name\":\"Blog\",\"description\":\"Terravana\",\"potentialAction\":[{\"@type\":\"SearchAction\",\"target\":{\"@type\":\"EntryPoint\",\"urlTemplate\":\"https:\/\/www.terravana-locations.fr\/blog\/?s={search_term_string}\"},\"query-input\":\"required name=search_term_string\"}],\"inLanguage\":\"fr-FR\"},{\"@type\":\"Person\",\"@id\":\"https:\/\/www.terravana-locations.fr\/blog\/#\/schema\/person\/b050c3248a1a6f8f396367e2ba60f1e4\",\"name\":\"terravana\",\"image\":{\"@type\":\"ImageObject\",\"inLanguage\":\"fr-FR\",\"@id\":\"https:\/\/www.terravana-locations.fr\/blog\/#\/schema\/person\/image\/\",\"url\":\"https:\/\/secure.gravatar.com\/avatar\/c31a419465d30aea2e48805dc95773d860227be12cab658c763a0a65c867ce59?s=96&d=mm&r=g\",\"contentUrl\":\"https:\/\/secure.gravatar.com\/avatar\/c31a419465d30aea2e48805dc95773d860227be12cab658c763a0a65c867ce59?s=96&d=mm&r=g\",\"caption\":\"terravana\"},\"description\":\"Terravana, sp\u00e9cialiste du tourisme en Provence, \u00e0 votre service depuis 2012\",\"sameAs\":[\"http:\/\/www.terravana-location.fr\",\"https:\/\/www.facebook.com\/Terravana\",\"https:\/\/www.instagram.com\/terravana83\/\"],\"url\":\"https:\/\/www.terravana-locations.fr\/blog\/author\/terravana\/\"}]}<\/script>\n<!-- \/ Yoast SEO plugin. -->","yoast_head_json":{"title":"Littoral M\u00e9diterran\u00e9en - Blog","description":"Littoral M\u00e9diterran\u00e9en, un bord de mer d\u2019exception fait de criques, anses, caps et presqu\u2019\u00eeles ; \u00e0 seulement 1h30 de la Provence Verte","robots":{"index":"index","follow":"follow","max-snippet":"max-snippet:-1","max-image-preview":"max-image-preview:large","max-video-preview":"max-video-preview:-1"},"canonical":"https:\/\/www.terravana-locations.fr\/blog\/elementor-756\/","og_locale":"fr_FR","og_type":"article","og_title":"Littoral M\u00e9diterran\u00e9en - Blog","og_description":"Littoral M\u00e9diterran\u00e9en, un bord de mer d\u2019exception fait de criques, anses, caps et presqu\u2019\u00eeles ; \u00e0 seulement 1h30 de la Provence Verte","og_url":"https:\/\/www.terravana-locations.fr\/blog\/elementor-756\/","og_site_name":"Blog","article_author":"https:\/\/www.facebook.com\/Terravana","article_published_time":"2023-07-01T17:22:34+00:00","article_modified_time":"2023-07-01T18:17:03+00:00","og_image":[{"width":2560,"height":1700,"url":"https:\/\/www.terravana-locations.fr\/blog\/wp-content\/uploads\/2023\/07\/Littoral-mediterraneen-scaled.jpg","type":"image\/jpeg"}],"author":"terravana","twitter_card":"summary_large_image","twitter_misc":{"\u00c9crit par":"terravana","Dur\u00e9e de lecture estim\u00e9e":"4 minutes"},"schema":{"@context":"https:\/\/schema.org","@graph":[{"@type":"WebPage","@id":"https:\/\/www.terravana-locations.fr\/blog\/elementor-756\/","url":"https:\/\/www.terravana-locations.fr\/blog\/elementor-756\/","name":"Littoral M\u00e9diterran\u00e9en - Blog","isPartOf":{"@id":"https:\/\/www.terravana-locations.fr\/blog\/#website"},"datePublished":"2023-07-01T17:22:34+00:00","dateModified":"2023-07-01T18:17:03+00:00","author":{"@id":"https:\/\/www.terravana-locations.fr\/blog\/#\/schema\/person\/b050c3248a1a6f8f396367e2ba60f1e4"},"description":"Littoral M\u00e9diterran\u00e9en, un bord de mer d\u2019exception fait de criques, anses, caps et presqu\u2019\u00eeles ; \u00e0 seulement 1h30 de la Provence Verte","breadcrumb":{"@id":"https:\/\/www.terravana-locations.fr\/blog\/elementor-756\/#breadcrumb"},"inLanguage":"fr-FR","potentialAction":[{"@type":"ReadAction","target":["https:\/\/www.terravana-locations.fr\/blog\/elementor-756\/"]}]},{"@type":"BreadcrumbList","@id":"https:\/\/www.terravana-locations.fr\/blog\/elementor-756\/#breadcrumb","itemListElement":[{"@type":"ListItem","position":1,"name":"Accueil","item":"https:\/\/www.terravana-locations.fr\/blog\/"},{"@type":"ListItem","position":2,"name":"Littoral M\u00e9diterran\u00e9en"}]},{"@type":"WebSite","@id":"https:\/\/www.terravana-locations.fr\/blog\/#website","url":"https:\/\/www.terravana-locations.fr\/blog\/","name":"Blog","description":"Terravana","potentialAction":[{"@type":"SearchAction","target":{"@type":"EntryPoint","urlTemplate":"https:\/\/www.terravana-locations.fr\/blog\/?s={search_term_string}"},"query-input":"required name=search_term_string"}],"inLanguage":"fr-FR"},{"@type":"Person","@id":"https:\/\/www.terravana-locations.fr\/blog\/#\/schema\/person\/b050c3248a1a6f8f396367e2ba60f1e4","name":"terravana","image":{"@type":"ImageObject","inLanguage":"fr-FR","@id":"https:\/\/www.terravana-locations.fr\/blog\/#\/schema\/person\/image\/","url":"https:\/\/secure.gravatar.com\/avatar\/c31a419465d30aea2e48805dc95773d860227be12cab658c763a0a65c867ce59?s=96&d=mm&r=g","contentUrl":"https:\/\/secure.gravatar.com\/avatar\/c31a419465d30aea2e48805dc95773d860227be12cab658c763a0a65c867ce59?s=96&d=mm&r=g","caption":"terravana"},"description":"Terravana, sp\u00e9cialiste du tourisme en Provence, \u00e0 votre service depuis 2012","sameAs":["http:\/\/www.terravana-location.fr","https:\/\/www.facebook.com\/Terravana","https:\/\/www.instagram.com\/terravana83\/"],"url":"https:\/\/www.terravana-locations.fr\/blog\/author\/terravana\/"}]}},"_links":{"self":[{"href":"https:\/\/www.terravana-locations.fr\/blog\/wp-json\/wp\/v2\/posts\/756","targetHints":{"allow":["GET"]}}],"collection":[{"href":"https:\/\/www.terravana-locations.fr\/blog\/wp-json\/wp\/v2\/posts"}],"about":[{"href":"https:\/\/www.terravana-locations.fr\/blog\/wp-json\/wp\/v2\/types\/post"}],"author":[{"embeddable":true,"href":"https:\/\/www.terravana-locations.fr\/blog\/wp-json\/wp\/v2\/users\/2"}],"replies":[{"embeddable":true,"href":"https:\/\/www.terravana-locations.fr\/blog\/wp-json\/wp\/v2\/comments?post=756"}],"version-history":[{"count":9,"href":"https:\/\/www.terravana-locations.fr\/blog\/wp-json\/wp\/v2\/posts\/756\/revisions"}],"predecessor-version":[{"id":768,"href":"https:\/\/www.terravana-locations.fr\/blog\/wp-json\/wp\/v2\/posts\/756\/revisions\/768"}],"wp:featuredmedia":[{"embeddable":true,"href":"https:\/\/www.terravana-locations.fr\/blog\/wp-json\/wp\/v2\/media\/759"}],"wp:attachment":[{"href":"https:\/\/www.terravana-locations.fr\/blog\/wp-json\/wp\/v2\/media?parent=756"}],"wp:term":[{"taxonomy":"category","embeddable":true,"href":"https:\/\/www.terravana-locations.fr\/blog\/wp-json\/wp\/v2\/categories?post=756"},{"taxonomy":"post_tag","embeddable":true,"href":"https:\/\/www.terravana-locations.fr\/blog\/wp-json\/wp\/v2\/tags?post=756"}],"curies":[{"name":"wp","href":"https:\/\/api.w.org\/{rel}","templated":true}]}}